{"id":15224,"date":"2025-12-18T18:09:55","date_gmt":"2025-12-18T18:09:55","guid":{"rendered":"https:\/\/widinovations.pt\/?p=15224"},"modified":"2025-12-18T18:18:43","modified_gmt":"2025-12-18T18:18:43","slug":"cprint-madrid-2026","status":"publish","type":"post","link":"https:\/\/widinovations.pt\/fr\/cprint-madrid-2026\/","title":{"rendered":"C!Print Madrid 2026"},"content":{"rendered":"<div class=\"wpb-content-wrapper\"><p>[vc_row][vc_column][vc_column_text css=&#8221;&#8221;]<\/p>\n<h2 style=\"text-align: center;\" data-start=\"310\" data-end=\"408\"><img loading=\"lazy\" decoding=\"async\" class=\"alignnone wp-image-15227\" src=\"https:\/\/widinovations.pt\/wp-content\/uploads\/2025\/12\/cprint-madrid-2026-landscape_edited-1024x536.png\" alt=\"\" width=\"600\" height=\"314\" srcset=\"https:\/\/widinovations.pt\/wp-content\/uploads\/2025\/12\/cprint-madrid-2026-landscape_edited-1024x536.png 1024w, https:\/\/widinovations.pt\/wp-content\/uploads\/2025\/12\/cprint-madrid-2026-landscape_edited-300x157.png 300w, https:\/\/widinovations.pt\/wp-content\/uploads\/2025\/12\/cprint-madrid-2026-landscape_edited-768x402.png 768w, https:\/\/widinovations.pt\/wp-content\/uploads\/2025\/12\/cprint-madrid-2026-landscape_edited-1536x804.png 1536w, https:\/\/widinovations.pt\/wp-content\/uploads\/2025\/12\/cprint-madrid-2026-landscape_edited-2048x1072.png 2048w, https:\/\/widinovations.pt\/wp-content\/uploads\/2025\/12\/cprint-madrid-2026-landscape_edited-500x262.png 500w, https:\/\/widinovations.pt\/wp-content\/uploads\/2025\/12\/cprint-madrid-2026-landscape_edited-900x471.png 900w\" sizes=\"auto, (max-width: 600px) 100vw, 600px\" \/><\/h2>\n<p>&nbsp;<\/p>\n<h2 data-start=\"179\" data-end=\"235\"><strong data-start=\"182\" data-end=\"235\">Widinovations sera pr\u00e9sente \u00e0 C!Print Madrid 2026<\/strong><\/h2>\n<p data-start=\"237\" data-end=\"463\">Du <strong data-start=\"240\" data-end=\"265\">13 au 15 janvier 2026<\/strong>, <strong data-start=\"267\" data-end=\"284\">Widinovations<\/strong> participera \u00e0 <strong data-start=\"299\" data-end=\"317\">C!Print Madrid<\/strong>, \u00e0 l\u2019<strong data-start=\"323\" data-end=\"332\">IFEMA<\/strong>, l\u2019un des principaux \u00e9v\u00e9nements europ\u00e9ens d\u00e9di\u00e9s \u00e0 l\u2019<strong data-start=\"386\" data-end=\"400\">impression<\/strong>, \u00e0 la <strong data-start=\"407\" data-end=\"433\">communication visuelle<\/strong> et \u00e0 la <strong data-start=\"442\" data-end=\"462\">personnalisation<\/strong>.<\/p>\n<p data-start=\"465\" data-end=\"706\">Le salon r\u00e9unit des milliers de professionnels et de marques internationales, constituant un espace privil\u00e9gi\u00e9 pour d\u00e9couvrir de nouvelles technologies, des tendances de march\u00e9 et des applications concr\u00e8tes qui fa\u00e7onnent l\u2019avenir du secteur.<\/p>\n<hr data-start=\"708\" data-end=\"711\" \/>\n<h2 data-start=\"713\" data-end=\"751\"><strong data-start=\"716\" data-end=\"751\">Pourquoi visiter C!Print Madrid<\/strong><\/h2>\n<p data-start=\"753\" data-end=\"941\">Lors de la derni\u00e8re \u00e9dition, <strong data-start=\"782\" data-end=\"852\">C!Print Madrid a accueilli plus de 15 000 visiteurs professionnels<\/strong>, s\u2019affirmant comme l\u2019un des rendez-vous les plus pertinents du secteur en Europe du Sud.<\/p>\n<p data-start=\"943\" data-end=\"973\">C\u2019est l\u2019\u00e9v\u00e9nement id\u00e9al pour :<\/p>\n<ul data-start=\"975\" data-end=\"1152\">\n<li data-start=\"975\" data-end=\"1026\">\n<p data-start=\"977\" data-end=\"1026\">D\u00e9couvrir de nouvelles solutions technologiques<\/p>\n<\/li>\n<li data-start=\"1027\" data-end=\"1077\">\n<p data-start=\"1029\" data-end=\"1077\">Suivre les tendances et innovations appliqu\u00e9es<\/p>\n<\/li>\n<li data-start=\"1078\" data-end=\"1152\">\n<p data-start=\"1080\" data-end=\"1152\">Entrer en contact direct avec des fabricants, distributeurs et experts<\/p>\n<\/li>\n<\/ul>\n<hr data-start=\"1154\" data-end=\"1157\" \/>\n<h2 data-start=\"1159\" data-end=\"1192\"><strong data-start=\"1162\" data-end=\"1192\">Sur le stand Widinovations<\/strong><\/h2>\n<p data-start=\"1194\" data-end=\"1443\">Plus qu\u2019une simple exposition d\u2019\u00e9quipements, le stand Widinovations sera un espace d\u00e9di\u00e9 \u00e0 la <strong data-start=\"1288\" data-end=\"1313\">technologie appliqu\u00e9e<\/strong>, \u00e0 l\u2019exploration de nouvelles possibilit\u00e9s de production et \u00e0 la d\u00e9couverte de solutions qui accompagnent l\u2019\u00e9volution du secteur.<\/p>\n<p data-start=\"1445\" data-end=\"1503\"><strong data-start=\"1448\" data-end=\"1503\">\u00c9quipements en vedette sur le stand Widinovations :<\/strong><\/p>\n<ul data-start=\"1505\" data-end=\"1602\">\n<li data-start=\"1505\" data-end=\"1522\">\n<p data-start=\"1507\" data-end=\"1522\">Widlaser S600<\/p>\n<\/li>\n<li data-start=\"1523\" data-end=\"1540\">\n<p data-start=\"1525\" data-end=\"1540\">Widlaser S900<\/p>\n<\/li>\n<li data-start=\"1541\" data-end=\"1558\">\n<p data-start=\"1543\" data-end=\"1558\">Widlaser V200<\/p>\n<\/li>\n<li data-start=\"1559\" data-end=\"1583\">\n<p data-start=\"1561\" data-end=\"1583\">Widlaser German 2000<\/p>\n<\/li>\n<li data-start=\"1584\" data-end=\"1602\">\n<p data-start=\"1586\" data-end=\"1602\">Widlaser H1600<\/p>\n<\/li>\n<\/ul>\n<p data-start=\"1604\" data-end=\"1873\">Tout au long des trois jours, les visiteurs pourront assister \u00e0 des <strong data-start=\"1672\" data-end=\"1698\">applications en direct<\/strong>, \u00e9changer directement avec notre <strong data-start=\"1732\" data-end=\"1767\">\u00e9quipe technique et commerciale<\/strong>, et comprendre comment ces solutions s\u2019int\u00e8grent dans diff\u00e9rents flux de travail industriels et cr\u00e9atifs.<\/p>\n<p data-start=\"1875\" data-end=\"1967\">&#x1f4cd; <strong data-start=\"1878\" data-end=\"1967\">Et d\u2019autres nouveaut\u00e9s seront \u00e0 d\u00e9couvrir sur le stand \u2014 r\u00e9v\u00e9l\u00e9es tr\u00e8s prochainement.<\/strong><\/p>\n<hr data-start=\"1969\" data-end=\"1972\" \/>\n<h2 data-start=\"1974\" data-end=\"2003\"><strong data-start=\"1977\" data-end=\"2003\">Informations pratiques<\/strong><\/h2>\n<p data-start=\"2005\" data-end=\"2151\">&#x1f4cd; <strong data-start=\"2008\" data-end=\"2024\">IFEMA Madrid<\/strong><br data-start=\"2024\" data-end=\"2027\" \/>&#x1f3e2; <strong data-start=\"2030\" data-end=\"2053\">Hall 14 | Stand D10<\/strong><br data-start=\"2053\" data-end=\"2056\" \/>&#x1f4c5; <strong data-start=\"2059\" data-end=\"2081\">13\u201315 janvier 2026<\/strong><br data-start=\"2081\" data-end=\"2084\" \/>&#x1f558; <strong data-start=\"2087\" data-end=\"2122\">Mardi et mercredi : 09h30 \u2013 18h<\/strong><br data-start=\"2122\" data-end=\"2125\" \/>&#x1f558; <strong data-start=\"2128\" data-end=\"2151\">Jeudi : 09h30 \u2013 17h<\/strong><\/p>\n<p data-start=\"2153\" data-end=\"2252\">&#x1f39f;&#xfe0f; <strong data-start=\"2157\" data-end=\"2192\">Entr\u00e9e gratuite sur inscription<\/strong><br data-start=\"2192\" data-end=\"2195\" \/><em data-start=\"2195\" data-end=\"2252\">(code disponible pour une dur\u00e9e limit\u00e9e \u2013 E-WIDSMCPM26)<\/em><\/p>\n<p data-start=\"2254\" data-end=\"2380\">Nous vous attendons \u00e0 Madrid pour <strong data-start=\"2288\" data-end=\"2379\">trois jours d\u2019innovation, de partage et de contact direct avec la technologie appliqu\u00e9e<\/strong>.<\/p>\n<p data-start=\"2382\" data-end=\"2410\"><strong data-start=\"2382\" data-end=\"2410\">Together, we never stop!<\/strong><\/p>\n<p data-start=\"2412\" data-end=\"2457\">#C!PrintMadrid2026 #Widinovations #Networking<\/p>\n<p>[\/vc_column_text][\/vc_column][\/vc_row]<\/p>\n<\/div>","protected":false},"excerpt":{"rendered":"<p>[vc_row][vc_column][vc_column_text css=&#8221;&#8221;] &nbsp; Widinovations sera pr\u00e9sente \u00e0 C!Print Madrid 2026 Du 13 au 15 janvier 2026, Widinovations participera \u00e0 C!Print Madrid, \u00e0 l\u2019IFEMA, l\u2019un des principaux \u00e9v\u00e9nements europ\u00e9ens d\u00e9di\u00e9s \u00e0 l\u2019impression, \u00e0 la communication visuelle et \u00e0 la personnalisation. Le salon r\u00e9unit des milliers de professionnels et de marques internationales, constituant un espace privil\u00e9gi\u00e9 pour<\/p>\n","protected":false},"author":1,"featured_media":15239,"comment_status":"closed","ping_status":"open","sticky":false,"template":"","format":"standard","meta":{"inline_featured_image":false,"cybocfi_hide_featured_image":"","footnotes":""},"categories":[394,395],"tags":[397,398],"class_list":["post-15224","post","type-post","status-publish","format-standard","has-post-thumbnail","hentry","category-actualites","category-salons-professionnels","tag-fespa-fr","tag-widinovations-fr"],"yoast_head":"<!-- This site is optimized with the Yoast SEO plugin v26.5 - https:\/\/yoast.com\/wordpress\/plugins\/seo\/ -->\n<title>C!Print Madrid 2026 - widinovations<\/title>\n<meta name=\"robots\" content=\"index, follow, max-snippet:-1, max-image-preview:large, max-video-preview:-1\" \/>\n<link rel=\"canonical\" href=\"https:\/\/widinovations.pt\/fr\/cprint-madrid-2026\/\" \/>\n<meta property=\"og:locale\" content=\"fr_FR\" \/>\n<meta property=\"og:type\" content=\"article\" \/>\n<meta property=\"og:title\" content=\"C!Print Madrid 2026 - widinovations\" \/>\n<meta property=\"og:description\" content=\"[vc_row][vc_column][vc_column_text css=&#8221;&#8221;] &nbsp; Widinovations sera pr\u00e9sente \u00e0 C!Print Madrid 2026 Du 13 au 15 janvier 2026, Widinovations participera \u00e0 C!Print Madrid, \u00e0 l\u2019IFEMA, l\u2019un des principaux \u00e9v\u00e9nements europ\u00e9ens d\u00e9di\u00e9s \u00e0 l\u2019impression, \u00e0 la communication visuelle et \u00e0 la personnalisation. Le salon r\u00e9unit des milliers de professionnels et de marques internationales, constituant un espace privil\u00e9gi\u00e9 pour\" \/>\n<meta property=\"og:url\" content=\"https:\/\/widinovations.pt\/fr\/cprint-madrid-2026\/\" \/>\n<meta property=\"og:site_name\" content=\"widinovations\" \/>\n<meta property=\"article:publisher\" content=\"https:\/\/www.facebook.com\/widinovations\" \/>\n<meta property=\"article:published_time\" content=\"2025-12-18T18:09:55+00:00\" \/>\n<meta property=\"article:modified_time\" content=\"2025-12-18T18:18:43+00:00\" \/>\n<meta property=\"og:image\" content=\"https:\/\/widinovations.pt\/wp-content\/uploads\/2025\/12\/cprint-madrid-2026-square-_versao-site-Wid.png\" \/>\n\t<meta property=\"og:image:width\" content=\"1080\" \/>\n\t<meta property=\"og:image:height\" content=\"942\" \/>\n\t<meta property=\"og:image:type\" content=\"image\/png\" \/>\n<meta name=\"author\" content=\"widinovations\" \/>\n<meta name=\"twitter:card\" content=\"summary_large_image\" \/>\n<meta name=\"twitter:label1\" content=\"\u00c9crit par\" \/>\n\t<meta name=\"twitter:data1\" content=\"widinovations\" \/>\n\t<meta name=\"twitter:label2\" content=\"Dur\u00e9e de lecture estim\u00e9e\" \/>\n\t<meta name=\"twitter:data2\" content=\"2 minutes\" \/>\n<script type=\"application\/ld+json\" class=\"yoast-schema-graph\">{\"@context\":\"https:\/\/schema.org\",\"@graph\":[{\"@type\":\"Article\",\"@id\":\"https:\/\/widinovations.pt\/fr\/cprint-madrid-2026\/#article\",\"isPartOf\":{\"@id\":\"https:\/\/widinovations.pt\/fr\/cprint-madrid-2026\/\"},\"author\":{\"name\":\"widinovations\",\"@id\":\"https:\/\/widinovations.pt\/#\/schema\/person\/d9ff419e256e88cc7ef1266dc483e8af\"},\"headline\":\"C!Print Madrid 2026\",\"datePublished\":\"2025-12-18T18:09:55+00:00\",\"dateModified\":\"2025-12-18T18:18:43+00:00\",\"mainEntityOfPage\":{\"@id\":\"https:\/\/widinovations.pt\/fr\/cprint-madrid-2026\/\"},\"wordCount\":358,\"publisher\":{\"@id\":\"https:\/\/widinovations.pt\/#organization\"},\"image\":{\"@id\":\"https:\/\/widinovations.pt\/fr\/cprint-madrid-2026\/#primaryimage\"},\"thumbnailUrl\":\"https:\/\/widinovations.pt\/wp-content\/uploads\/2025\/12\/cprint-madrid-2026-square-_versao-site-Wid.png\",\"keywords\":[\"FESPA\",\"widinovations\"],\"articleSection\":[\"Actualit\u00e9s\",\"Salons Professionnels\"],\"inLanguage\":\"fr-FR\"},{\"@type\":\"WebPage\",\"@id\":\"https:\/\/widinovations.pt\/fr\/cprint-madrid-2026\/\",\"url\":\"https:\/\/widinovations.pt\/fr\/cprint-madrid-2026\/\",\"name\":\"C!Print Madrid 2026 - widinovations\",\"isPartOf\":{\"@id\":\"https:\/\/widinovations.pt\/#website\"},\"primaryImageOfPage\":{\"@id\":\"https:\/\/widinovations.pt\/fr\/cprint-madrid-2026\/#primaryimage\"},\"image\":{\"@id\":\"https:\/\/widinovations.pt\/fr\/cprint-madrid-2026\/#primaryimage\"},\"thumbnailUrl\":\"https:\/\/widinovations.pt\/wp-content\/uploads\/2025\/12\/cprint-madrid-2026-square-_versao-site-Wid.png\",\"datePublished\":\"2025-12-18T18:09:55+00:00\",\"dateModified\":\"2025-12-18T18:18:43+00:00\",\"breadcrumb\":{\"@id\":\"https:\/\/widinovations.pt\/fr\/cprint-madrid-2026\/#breadcrumb\"},\"inLanguage\":\"fr-FR\",\"potentialAction\":[{\"@type\":\"ReadAction\",\"target\":[\"https:\/\/widinovations.pt\/fr\/cprint-madrid-2026\/\"]}]},{\"@type\":\"ImageObject\",\"inLanguage\":\"fr-FR\",\"@id\":\"https:\/\/widinovations.pt\/fr\/cprint-madrid-2026\/#primaryimage\",\"url\":\"https:\/\/widinovations.pt\/wp-content\/uploads\/2025\/12\/cprint-madrid-2026-square-_versao-site-Wid.png\",\"contentUrl\":\"https:\/\/widinovations.pt\/wp-content\/uploads\/2025\/12\/cprint-madrid-2026-square-_versao-site-Wid.png\",\"width\":1080,\"height\":942},{\"@type\":\"BreadcrumbList\",\"@id\":\"https:\/\/widinovations.pt\/fr\/cprint-madrid-2026\/#breadcrumb\",\"itemListElement\":[{\"@type\":\"ListItem\",\"position\":1,\"name\":\"Home\",\"item\":\"https:\/\/widinovations.pt\/fr\/home\/\"},{\"@type\":\"ListItem\",\"position\":2,\"name\":\"C!Print Madrid 2026\"}]},{\"@type\":\"WebSite\",\"@id\":\"https:\/\/widinovations.pt\/#website\",\"url\":\"https:\/\/widinovations.pt\/\",\"name\":\"widinovations\",\"description\":\"Equipamentos de Corte\/Grava\u00e7\u00e3o a Laser, Fresadoras e Laminadoras\/Encapsuladoras\",\"publisher\":{\"@id\":\"https:\/\/widinovations.pt\/#organization\"},\"potentialAction\":[{\"@type\":\"SearchAction\",\"target\":{\"@type\":\"EntryPoint\",\"urlTemplate\":\"https:\/\/widinovations.pt\/?s={search_term_string}\"},\"query-input\":{\"@type\":\"PropertyValueSpecification\",\"valueRequired\":true,\"valueName\":\"search_term_string\"}}],\"inLanguage\":\"fr-FR\"},{\"@type\":\"Organization\",\"@id\":\"https:\/\/widinovations.pt\/#organization\",\"name\":\"Widinovations\",\"url\":\"https:\/\/widinovations.pt\/\",\"logo\":{\"@type\":\"ImageObject\",\"inLanguage\":\"fr-FR\",\"@id\":\"https:\/\/widinovations.pt\/#\/schema\/logo\/image\/\",\"url\":\"https:\/\/widinovations.pt\/wp-content\/uploads\/2016\/10\/wid_logo.svg\",\"contentUrl\":\"https:\/\/widinovations.pt\/wp-content\/uploads\/2016\/10\/wid_logo.svg\",\"width\":1,\"height\":1,\"caption\":\"Widinovations\"},\"image\":{\"@id\":\"https:\/\/widinovations.pt\/#\/schema\/logo\/image\/\"},\"sameAs\":[\"https:\/\/www.facebook.com\/widinovations\",\"https:\/\/www.instagram.com\/widinovations\",\"https:\/\/www.linkedin.com\/company\/widinovations\",\"https:\/\/www.youtube.com\/widinovations\"]},{\"@type\":\"Person\",\"@id\":\"https:\/\/widinovations.pt\/#\/schema\/person\/d9ff419e256e88cc7ef1266dc483e8af\",\"name\":\"widinovations\",\"image\":{\"@type\":\"ImageObject\",\"inLanguage\":\"fr-FR\",\"@id\":\"https:\/\/widinovations.pt\/#\/schema\/person\/image\/\",\"url\":\"https:\/\/secure.gravatar.com\/avatar\/1d54e6f95e436d34e557cbfe8dbad07213643c468c214bd992ffa609458d199a?s=96&d=mm&r=g\",\"contentUrl\":\"https:\/\/secure.gravatar.com\/avatar\/1d54e6f95e436d34e557cbfe8dbad07213643c468c214bd992ffa609458d199a?s=96&d=mm&r=g\",\"caption\":\"widinovations\"}}]}<\/script>\n<!-- \/ Yoast SEO plugin. -->","yoast_head_json":{"title":"C!Print Madrid 2026 - widinovations","robots":{"index":"index","follow":"follow","max-snippet":"max-snippet:-1","max-image-preview":"max-image-preview:large","max-video-preview":"max-video-preview:-1"},"canonical":"https:\/\/widinovations.pt\/fr\/cprint-madrid-2026\/","og_locale":"fr_FR","og_type":"article","og_title":"C!Print Madrid 2026 - widinovations","og_description":"[vc_row][vc_column][vc_column_text css=&#8221;&#8221;] &nbsp; Widinovations sera pr\u00e9sente \u00e0 C!Print Madrid 2026 Du 13 au 15 janvier 2026, Widinovations participera \u00e0 C!Print Madrid, \u00e0 l\u2019IFEMA, l\u2019un des principaux \u00e9v\u00e9nements europ\u00e9ens d\u00e9di\u00e9s \u00e0 l\u2019impression, \u00e0 la communication visuelle et \u00e0 la personnalisation. Le salon r\u00e9unit des milliers de professionnels et de marques internationales, constituant un espace privil\u00e9gi\u00e9 pour","og_url":"https:\/\/widinovations.pt\/fr\/cprint-madrid-2026\/","og_site_name":"widinovations","article_publisher":"https:\/\/www.facebook.com\/widinovations","article_published_time":"2025-12-18T18:09:55+00:00","article_modified_time":"2025-12-18T18:18:43+00:00","og_image":[{"width":1080,"height":942,"url":"https:\/\/widinovations.pt\/wp-content\/uploads\/2025\/12\/cprint-madrid-2026-square-_versao-site-Wid.png","type":"image\/png"}],"author":"widinovations","twitter_card":"summary_large_image","twitter_misc":{"\u00c9crit par":"widinovations","Dur\u00e9e de lecture estim\u00e9e":"2 minutes"},"schema":{"@context":"https:\/\/schema.org","@graph":[{"@type":"Article","@id":"https:\/\/widinovations.pt\/fr\/cprint-madrid-2026\/#article","isPartOf":{"@id":"https:\/\/widinovations.pt\/fr\/cprint-madrid-2026\/"},"author":{"name":"widinovations","@id":"https:\/\/widinovations.pt\/#\/schema\/person\/d9ff419e256e88cc7ef1266dc483e8af"},"headline":"C!Print Madrid 2026","datePublished":"2025-12-18T18:09:55+00:00","dateModified":"2025-12-18T18:18:43+00:00","mainEntityOfPage":{"@id":"https:\/\/widinovations.pt\/fr\/cprint-madrid-2026\/"},"wordCount":358,"publisher":{"@id":"https:\/\/widinovations.pt\/#organization"},"image":{"@id":"https:\/\/widinovations.pt\/fr\/cprint-madrid-2026\/#primaryimage"},"thumbnailUrl":"https:\/\/widinovations.pt\/wp-content\/uploads\/2025\/12\/cprint-madrid-2026-square-_versao-site-Wid.png","keywords":["FESPA","widinovations"],"articleSection":["Actualit\u00e9s","Salons Professionnels"],"inLanguage":"fr-FR"},{"@type":"WebPage","@id":"https:\/\/widinovations.pt\/fr\/cprint-madrid-2026\/","url":"https:\/\/widinovations.pt\/fr\/cprint-madrid-2026\/","name":"C!Print Madrid 2026 - widinovations","isPartOf":{"@id":"https:\/\/widinovations.pt\/#website"},"primaryImageOfPage":{"@id":"https:\/\/widinovations.pt\/fr\/cprint-madrid-2026\/#primaryimage"},"image":{"@id":"https:\/\/widinovations.pt\/fr\/cprint-madrid-2026\/#primaryimage"},"thumbnailUrl":"https:\/\/widinovations.pt\/wp-content\/uploads\/2025\/12\/cprint-madrid-2026-square-_versao-site-Wid.png","datePublished":"2025-12-18T18:09:55+00:00","dateModified":"2025-12-18T18:18:43+00:00","breadcrumb":{"@id":"https:\/\/widinovations.pt\/fr\/cprint-madrid-2026\/#breadcrumb"},"inLanguage":"fr-FR","potentialAction":[{"@type":"ReadAction","target":["https:\/\/widinovations.pt\/fr\/cprint-madrid-2026\/"]}]},{"@type":"ImageObject","inLanguage":"fr-FR","@id":"https:\/\/widinovations.pt\/fr\/cprint-madrid-2026\/#primaryimage","url":"https:\/\/widinovations.pt\/wp-content\/uploads\/2025\/12\/cprint-madrid-2026-square-_versao-site-Wid.png","contentUrl":"https:\/\/widinovations.pt\/wp-content\/uploads\/2025\/12\/cprint-madrid-2026-square-_versao-site-Wid.png","width":1080,"height":942},{"@type":"BreadcrumbList","@id":"https:\/\/widinovations.pt\/fr\/cprint-madrid-2026\/#breadcrumb","itemListElement":[{"@type":"ListItem","position":1,"name":"Home","item":"https:\/\/widinovations.pt\/fr\/home\/"},{"@type":"ListItem","position":2,"name":"C!Print Madrid 2026"}]},{"@type":"WebSite","@id":"https:\/\/widinovations.pt\/#website","url":"https:\/\/widinovations.pt\/","name":"widinovations","description":"Equipamentos de Corte\/Grava\u00e7\u00e3o a Laser, Fresadoras e Laminadoras\/Encapsuladoras","publisher":{"@id":"https:\/\/widinovations.pt\/#organization"},"potentialAction":[{"@type":"SearchAction","target":{"@type":"EntryPoint","urlTemplate":"https:\/\/widinovations.pt\/?s={search_term_string}"},"query-input":{"@type":"PropertyValueSpecification","valueRequired":true,"valueName":"search_term_string"}}],"inLanguage":"fr-FR"},{"@type":"Organization","@id":"https:\/\/widinovations.pt\/#organization","name":"Widinovations","url":"https:\/\/widinovations.pt\/","logo":{"@type":"ImageObject","inLanguage":"fr-FR","@id":"https:\/\/widinovations.pt\/#\/schema\/logo\/image\/","url":"https:\/\/widinovations.pt\/wp-content\/uploads\/2016\/10\/wid_logo.svg","contentUrl":"https:\/\/widinovations.pt\/wp-content\/uploads\/2016\/10\/wid_logo.svg","width":1,"height":1,"caption":"Widinovations"},"image":{"@id":"https:\/\/widinovations.pt\/#\/schema\/logo\/image\/"},"sameAs":["https:\/\/www.facebook.com\/widinovations","https:\/\/www.instagram.com\/widinovations","https:\/\/www.linkedin.com\/company\/widinovations","https:\/\/www.youtube.com\/widinovations"]},{"@type":"Person","@id":"https:\/\/widinovations.pt\/#\/schema\/person\/d9ff419e256e88cc7ef1266dc483e8af","name":"widinovations","image":{"@type":"ImageObject","inLanguage":"fr-FR","@id":"https:\/\/widinovations.pt\/#\/schema\/person\/image\/","url":"https:\/\/secure.gravatar.com\/avatar\/1d54e6f95e436d34e557cbfe8dbad07213643c468c214bd992ffa609458d199a?s=96&d=mm&r=g","contentUrl":"https:\/\/secure.gravatar.com\/avatar\/1d54e6f95e436d34e557cbfe8dbad07213643c468c214bd992ffa609458d199a?s=96&d=mm&r=g","caption":"widinovations"}}]}},"_links":{"self":[{"href":"https:\/\/widinovations.pt\/fr\/wp-json\/wp\/v2\/posts\/15224","targetHints":{"allow":["GET"]}}],"collection":[{"href":"https:\/\/widinovations.pt\/fr\/wp-json\/wp\/v2\/posts"}],"about":[{"href":"https:\/\/widinovations.pt\/fr\/wp-json\/wp\/v2\/types\/post"}],"author":[{"embeddable":true,"href":"https:\/\/widinovations.pt\/fr\/wp-json\/wp\/v2\/users\/1"}],"replies":[{"embeddable":true,"href":"https:\/\/widinovations.pt\/fr\/wp-json\/wp\/v2\/comments?post=15224"}],"version-history":[{"count":4,"href":"https:\/\/widinovations.pt\/fr\/wp-json\/wp\/v2\/posts\/15224\/revisions"}],"predecessor-version":[{"id":15249,"href":"https:\/\/widinovations.pt\/fr\/wp-json\/wp\/v2\/posts\/15224\/revisions\/15249"}],"wp:featuredmedia":[{"embeddable":true,"href":"https:\/\/widinovations.pt\/fr\/wp-json\/wp\/v2\/media\/15239"}],"wp:attachment":[{"href":"https:\/\/widinovations.pt\/fr\/wp-json\/wp\/v2\/media?parent=15224"}],"wp:term":[{"taxonomy":"category","embeddable":true,"href":"https:\/\/widinovations.pt\/fr\/wp-json\/wp\/v2\/categories?post=15224"},{"taxonomy":"post_tag","embeddable":true,"href":"https:\/\/widinovations.pt\/fr\/wp-json\/wp\/v2\/tags?post=15224"}],"curies":[{"name":"wp","href":"https:\/\/api.w.org\/{rel}","templated":true}]}}