{"id":14502,"date":"2025-02-25T22:14:12","date_gmt":"2025-02-25T22:14:12","guid":{"rendered":"https:\/\/widinovations.pt\/?p=14502"},"modified":"2025-05-06T22:22:44","modified_gmt":"2025-05-06T22:22:44","slug":"fespa25","status":"publish","type":"post","link":"https:\/\/widinovations.pt\/fr\/fespa25\/","title":{"rendered":"FESPA\u201925"},"content":{"rendered":"<h2 data-start=\"0\" data-end=\"91\"><strong data-start=\"2\" data-end=\"89\"><img loading=\"lazy\" decoding=\"async\" class=\"aligncenter wp-image-13553\" src=\"https:\/\/widinovations.pt\/wp-content\/uploads\/2025\/02\/fespa_berlin_2025-300x158.png\" alt=\"\" width=\"700\" height=\"368\" srcset=\"https:\/\/widinovations.pt\/wp-content\/uploads\/2025\/02\/fespa_berlin_2025-300x158.png 300w, https:\/\/widinovations.pt\/wp-content\/uploads\/2025\/02\/fespa_berlin_2025-1024x538.png 1024w, https:\/\/widinovations.pt\/wp-content\/uploads\/2025\/02\/fespa_berlin_2025-768x403.png 768w, https:\/\/widinovations.pt\/wp-content\/uploads\/2025\/02\/fespa_berlin_2025-500x263.png 500w, https:\/\/widinovations.pt\/wp-content\/uploads\/2025\/02\/fespa_berlin_2025-900x473.png 900w, https:\/\/widinovations.pt\/wp-content\/uploads\/2025\/02\/fespa_berlin_2025.png 1200w\" sizes=\"auto, (max-width: 700px) 100vw, 700px\" \/><\/strong><\/h2>\n<h2 data-start=\"310\" data-end=\"408\">FESPA Berlin 2025: le rendez-vous incontournable de l&#8217;innovation en mati\u00e8re d&#8217;impression et de communication visuelle!<\/h2>\n<p>Du <strong>6 au 9 mai 2025<\/strong>, Berlin sera la capitale de l&#8217;innovation en mati\u00e8re <strong>d&#8217;impression num\u00e9rique, de s\u00e9rigraphie, d&#8217;impression textile et de communication visuelle<\/strong> avec <strong>FESPA Global Print Expo 2025<\/strong>. Consid\u00e9r\u00e9 comme le salon<strong> le plus important et le plus influent du secteur<\/strong>, cet \u00e9v\u00e9nement rassemble les principaux acteurs internationaux du march\u00e9, pr\u00e9sentant les derni\u00e8res innovations technologiques et les tendances qui fa\u00e7onneront l&#8217;avenir de l&#8217;industrie.<\/p>\n<p>C&#8217;est une occasion unique <strong>d&#8217;explorer de nouvelles solutions, de d\u00e9couvrir les \u00e9quipements les plus avanc\u00e9s et de nouer des liens strat\u00e9giques<\/strong>. Et, bien s\u00fbr, visitez le stand de <strong>Widinovations, o\u00f9 nous pr\u00e9senterons nos derni\u00e8res technologies de d\u00e9coupe, de gravure et de personnalisation<\/strong>.<\/p>\n<h2 data-start=\"1159\" data-end=\"1207\">Pourquoi visiter la FESPA Berlin 2025?<\/h2>\n<p data-start=\"1209\" data-end=\"1259\"><strong data-start=\"1213\" data-end=\"1257\">1\ufe0f\u20e3 Acc\u00e8s aux technologies les plus avanc\u00e9es<\/strong><\/p>\n<p data-start=\"1260\" data-end=\"1560\">La FESPA est une v\u00e9ritable sc\u00e8ne d&#8217;innovation, o\u00f9 les plus grandes marques du secteur pr\u00e9sentent des lancements exclusifs et des innovations technologiques. Si vous \u00eates \u00e0 la recherche de machines plus efficaces, de mat\u00e9riaux innovants ou des derniers logiciels, c&#8217;est l&#8217;endroit id\u00e9al pour tout voir de pr\u00e8s.<\/p>\n<p data-start=\"1562\" data-end=\"1613\"><strong data-start=\"1566\" data-end=\"1611\">2\ufe0f\u20e3 R\u00e9seautage et opportunit\u00e9s commerciales<\/strong><\/p>\n<p class=\"p1\">La foire rassemble des milliers de professionnels du monde entier, des fabricants et des distributeurs aux entrepreneurs et aux experts de l&#8217;industrie. Que vous cherchiez \u00e0 d\u00e9velopper votre activit\u00e9, \u00e0 \u00e9tablir de nouveaux partenariats ou \u00e0 vous informer sur les tendances du march\u00e9, c&#8217;est l&#8217;environnement id\u00e9al pour nouer des contacts strat\u00e9giques.<\/p>\n<p data-start=\"1918\" data-end=\"1974\"><strong data-start=\"1922\" data-end=\"1972\">3\ufe0f\u20e3 Apprendre et mettre \u00e0 jour ses connaissances<\/strong><\/p>\n<p data-start=\"1975\" data-end=\"2208\">Outre l&#8217;exposition d&#8217;\u00e9quipements, la FESPA Berlin propose \u00e9galement un programme de conf\u00e9rences, d&#8217;ateliers et de d\u00e9monstrations en direct, au cours desquels des experts partagent des informations pr\u00e9cieuses sur l&#8217;avenir de l&#8217;impression, de la personnalisation et de la communication visuelle.<\/p>\n<hr data-start=\"2210\" data-end=\"2213\" \/>\n<h2 data-start=\"2215\" data-end=\"2253\">Qui devrait visiter la FESPA?<\/h2>\n<p>Tout le monde, mais surtout:<\/p>\n<ul>\n<li><strong>Les entreprises d&#8217;impression et de communication visuelle \u00e0 la recherche d&#8217;\u00e9quipements de pointe pour accro\u00eetre leur productivit\u00e9 et diversifier leurs services.<\/strong><\/li>\n<li><strong>Les professionnels du secteur graphique et textile qui souhaitent conna\u00eetre les nouvelles tendances et les techniques innovantes en mati\u00e8re d&#8217;impression num\u00e9rique et de personnalisation.<\/strong><\/li>\n<li><strong>Les distributeurs et les revendeurs qui souhaitent explorer de nouvelles opportunit\u00e9s commerciales et des partenariats strat\u00e9giques afin d&#8217;\u00e9largir leur portefeuille.<\/strong><\/li>\n<\/ul>\n<hr data-start=\"2726\" data-end=\"2729\" \/>\n<h2 data-start=\"2731\" data-end=\"2775\">Visitez le stand de Widinovations!<\/h2>\n<p data-start=\"2777\" data-end=\"2998\">Nous pr\u00e9senterons des <strong>\u00e9quipements performants pour la d\u00e9coupe, la gravure et la personnalisation<\/strong>. Notre stand sera un <strong>espace dynamique et interactif o\u00f9 vous pourrez<\/strong>:<\/p>\n<ul>\n<li data-start=\"3000\" data-end=\"3265\"><strong>Assister \u00e0 des d\u00e9monstrations en direct<\/strong> et voir notre technologie en action.<\/li>\n<li data-start=\"3000\" data-end=\"3265\"><strong>Parler directement \u00e0 des experts<\/strong> pour r\u00e9pondre \u00e0 vos questions et recevoir des conseils personnalis\u00e9s.<\/li>\n<li data-start=\"3000\" data-end=\"3265\"><strong>D\u00e9couvrir des solutions nouvelles et innovantes<\/strong> pour stimuler votre activit\u00e9.<\/li>\n<\/ul>\n<p data-start=\"3267\" data-end=\"3343\"><strong data-start=\"3270\" data-end=\"3279\">O\u00f9?<\/strong> \u00e0 la Foire de Berlin en Allemagne.<br data-start=\"3302\" data-end=\"3305\" \/><strong data-start=\"3308\" data-end=\"3319\">Quand?<\/strong> Du 6 au 9 mai 2025.<br data-start=\"3267\" data-end=\"3343\" \/><strong data-start=\"3308\" data-end=\"3319\">Stand Widinovations:<\/strong> Pav. 3.2, stand A47.<\/p>\n<p data-start=\"3345\" data-end=\"3426\"><strong data-start=\"3345\" data-end=\"3424\">Inscrivez-vous, notez-le dans votre agenda et venez explorer l&#8217;avenir de l&#8217;impression avec nous!<\/strong><\/p>\n<p data-start=\"3345\" data-end=\"3426\">Inscription: <a href=\"https:\/\/www.fespaglobalprintexpo.com\/visit\/registration\" target=\"_blank\" rel=\"noopener\">https:\/\/www.fespaglobalprintexpo.com\/visit\/registration<\/a><\/p>\n<p data-start=\"3428\" data-end=\"3461\"><strong>Ensemble, nous ne nous arr\u00eatons jamais!<\/strong><\/p>\n<p class=\"p1\">#FESPABerlin2025 #InnovationInPrinting #Widinovations #FutureOfPrinting #Networking #BusinessGrowth<\/p>\n","protected":false},"excerpt":{"rendered":"<p>FESPA Berlin 2025: le rendez-vous incontournable de l&#8217;innovation en mati\u00e8re d&#8217;impression et de communication visuelle! Du 6 au 9 mai 2025, Berlin sera la capitale de l&#8217;innovation en mati\u00e8re d&#8217;impression num\u00e9rique, de s\u00e9rigraphie, d&#8217;impression textile et de communication visuelle avec FESPA Global Print Expo 2025. Consid\u00e9r\u00e9 comme le salon le plus important et le plus<\/p>\n","protected":false},"author":1,"featured_media":14433,"comment_status":"closed","ping_status":"open","sticky":false,"template":"","format":"standard","meta":{"inline_featured_image":false,"cybocfi_hide_featured_image":"","footnotes":""},"categories":[394,395],"tags":[397,398],"class_list":["post-14502","post","type-post","status-publish","format-standard","has-post-thumbnail","hentry","category-actualites","category-salons-professionnels","tag-fespa-fr","tag-widinovations-fr"],"yoast_head":"<!-- This site is optimized with the Yoast SEO plugin v26.5 - https:\/\/yoast.com\/wordpress\/plugins\/seo\/ -->\n<title>FESPA\u201925 - widinovations<\/title>\n<meta name=\"robots\" content=\"index, follow, max-snippet:-1, max-image-preview:large, max-video-preview:-1\" \/>\n<link rel=\"canonical\" href=\"https:\/\/widinovations.pt\/fr\/fespa25\/\" \/>\n<meta property=\"og:locale\" content=\"fr_FR\" \/>\n<meta property=\"og:type\" content=\"article\" \/>\n<meta property=\"og:title\" content=\"FESPA\u201925 - widinovations\" \/>\n<meta property=\"og:description\" content=\"FESPA Berlin 2025: le rendez-vous incontournable de l&#8217;innovation en mati\u00e8re d&#8217;impression et de communication visuelle! Du 6 au 9 mai 2025, Berlin sera la capitale de l&#8217;innovation en mati\u00e8re d&#8217;impression num\u00e9rique, de s\u00e9rigraphie, d&#8217;impression textile et de communication visuelle avec FESPA Global Print Expo 2025. Consid\u00e9r\u00e9 comme le salon le plus important et le plus\" \/>\n<meta property=\"og:url\" content=\"https:\/\/widinovations.pt\/fr\/fespa25\/\" \/>\n<meta property=\"og:site_name\" content=\"widinovations\" \/>\n<meta property=\"article:publisher\" content=\"https:\/\/www.facebook.com\/widinovations\" \/>\n<meta property=\"article:published_time\" content=\"2025-02-25T22:14:12+00:00\" \/>\n<meta property=\"article:modified_time\" content=\"2025-05-06T22:22:44+00:00\" \/>\n<meta property=\"og:image\" content=\"https:\/\/widinovations.pt\/wp-content\/uploads\/2025\/02\/Screenshot-2025-02-25-at-14.33.33-1024x1024.png\" \/>\n\t<meta property=\"og:image:width\" content=\"1024\" \/>\n\t<meta property=\"og:image:height\" content=\"1024\" \/>\n\t<meta property=\"og:image:type\" content=\"image\/png\" \/>\n<meta name=\"author\" content=\"widinovations\" \/>\n<meta name=\"twitter:card\" content=\"summary_large_image\" \/>\n<meta name=\"twitter:label1\" content=\"\u00c9crit par\" \/>\n\t<meta name=\"twitter:data1\" content=\"widinovations\" \/>\n\t<meta name=\"twitter:label2\" content=\"Dur\u00e9e de lecture estim\u00e9e\" \/>\n\t<meta name=\"twitter:data2\" content=\"3 minutes\" \/>\n<script type=\"application\/ld+json\" class=\"yoast-schema-graph\">{\"@context\":\"https:\/\/schema.org\",\"@graph\":[{\"@type\":\"Article\",\"@id\":\"https:\/\/widinovations.pt\/fr\/fespa25\/#article\",\"isPartOf\":{\"@id\":\"https:\/\/widinovations.pt\/fr\/fespa25\/\"},\"author\":{\"name\":\"widinovations\",\"@id\":\"https:\/\/widinovations.pt\/#\/schema\/person\/d9ff419e256e88cc7ef1266dc483e8af\"},\"headline\":\"FESPA\u201925\",\"datePublished\":\"2025-02-25T22:14:12+00:00\",\"dateModified\":\"2025-05-06T22:22:44+00:00\",\"mainEntityOfPage\":{\"@id\":\"https:\/\/widinovations.pt\/fr\/fespa25\/\"},\"wordCount\":528,\"publisher\":{\"@id\":\"https:\/\/widinovations.pt\/#organization\"},\"image\":{\"@id\":\"https:\/\/widinovations.pt\/fr\/fespa25\/#primaryimage\"},\"thumbnailUrl\":\"https:\/\/widinovations.pt\/wp-content\/uploads\/2025\/02\/Screenshot-2025-02-25-at-14.33.33.png\",\"keywords\":[\"FESPA\",\"widinovations\"],\"articleSection\":[\"Actualit\u00e9s\",\"Salons Professionnels\"],\"inLanguage\":\"fr-FR\"},{\"@type\":\"WebPage\",\"@id\":\"https:\/\/widinovations.pt\/fr\/fespa25\/\",\"url\":\"https:\/\/widinovations.pt\/fr\/fespa25\/\",\"name\":\"FESPA\u201925 - widinovations\",\"isPartOf\":{\"@id\":\"https:\/\/widinovations.pt\/#website\"},\"primaryImageOfPage\":{\"@id\":\"https:\/\/widinovations.pt\/fr\/fespa25\/#primaryimage\"},\"image\":{\"@id\":\"https:\/\/widinovations.pt\/fr\/fespa25\/#primaryimage\"},\"thumbnailUrl\":\"https:\/\/widinovations.pt\/wp-content\/uploads\/2025\/02\/Screenshot-2025-02-25-at-14.33.33.png\",\"datePublished\":\"2025-02-25T22:14:12+00:00\",\"dateModified\":\"2025-05-06T22:22:44+00:00\",\"breadcrumb\":{\"@id\":\"https:\/\/widinovations.pt\/fr\/fespa25\/#breadcrumb\"},\"inLanguage\":\"fr-FR\",\"potentialAction\":[{\"@type\":\"ReadAction\",\"target\":[\"https:\/\/widinovations.pt\/fr\/fespa25\/\"]}]},{\"@type\":\"ImageObject\",\"inLanguage\":\"fr-FR\",\"@id\":\"https:\/\/widinovations.pt\/fr\/fespa25\/#primaryimage\",\"url\":\"https:\/\/widinovations.pt\/wp-content\/uploads\/2025\/02\/Screenshot-2025-02-25-at-14.33.33.png\",\"contentUrl\":\"https:\/\/widinovations.pt\/wp-content\/uploads\/2025\/02\/Screenshot-2025-02-25-at-14.33.33.png\",\"width\":1462,\"height\":1460},{\"@type\":\"BreadcrumbList\",\"@id\":\"https:\/\/widinovations.pt\/fr\/fespa25\/#breadcrumb\",\"itemListElement\":[{\"@type\":\"ListItem\",\"position\":1,\"name\":\"Home\",\"item\":\"https:\/\/widinovations.pt\/fr\/home\/\"},{\"@type\":\"ListItem\",\"position\":2,\"name\":\"FESPA\u201925\"}]},{\"@type\":\"WebSite\",\"@id\":\"https:\/\/widinovations.pt\/#website\",\"url\":\"https:\/\/widinovations.pt\/\",\"name\":\"widinovations\",\"description\":\"Equipamentos de Corte\/Grava\u00e7\u00e3o a Laser, Fresadoras e Laminadoras\/Encapsuladoras\",\"publisher\":{\"@id\":\"https:\/\/widinovations.pt\/#organization\"},\"potentialAction\":[{\"@type\":\"SearchAction\",\"target\":{\"@type\":\"EntryPoint\",\"urlTemplate\":\"https:\/\/widinovations.pt\/?s={search_term_string}\"},\"query-input\":{\"@type\":\"PropertyValueSpecification\",\"valueRequired\":true,\"valueName\":\"search_term_string\"}}],\"inLanguage\":\"fr-FR\"},{\"@type\":\"Organization\",\"@id\":\"https:\/\/widinovations.pt\/#organization\",\"name\":\"Widinovations\",\"url\":\"https:\/\/widinovations.pt\/\",\"logo\":{\"@type\":\"ImageObject\",\"inLanguage\":\"fr-FR\",\"@id\":\"https:\/\/widinovations.pt\/#\/schema\/logo\/image\/\",\"url\":\"https:\/\/widinovations.pt\/wp-content\/uploads\/2016\/10\/wid_logo.svg\",\"contentUrl\":\"https:\/\/widinovations.pt\/wp-content\/uploads\/2016\/10\/wid_logo.svg\",\"width\":1,\"height\":1,\"caption\":\"Widinovations\"},\"image\":{\"@id\":\"https:\/\/widinovations.pt\/#\/schema\/logo\/image\/\"},\"sameAs\":[\"https:\/\/www.facebook.com\/widinovations\",\"https:\/\/www.instagram.com\/widinovations\",\"https:\/\/www.linkedin.com\/company\/widinovations\",\"https:\/\/www.youtube.com\/widinovations\"]},{\"@type\":\"Person\",\"@id\":\"https:\/\/widinovations.pt\/#\/schema\/person\/d9ff419e256e88cc7ef1266dc483e8af\",\"name\":\"widinovations\",\"image\":{\"@type\":\"ImageObject\",\"inLanguage\":\"fr-FR\",\"@id\":\"https:\/\/widinovations.pt\/#\/schema\/person\/image\/\",\"url\":\"https:\/\/secure.gravatar.com\/avatar\/1d54e6f95e436d34e557cbfe8dbad07213643c468c214bd992ffa609458d199a?s=96&d=mm&r=g\",\"contentUrl\":\"https:\/\/secure.gravatar.com\/avatar\/1d54e6f95e436d34e557cbfe8dbad07213643c468c214bd992ffa609458d199a?s=96&d=mm&r=g\",\"caption\":\"widinovations\"}}]}<\/script>\n<!-- \/ Yoast SEO plugin. -->","yoast_head_json":{"title":"FESPA\u201925 - widinovations","robots":{"index":"index","follow":"follow","max-snippet":"max-snippet:-1","max-image-preview":"max-image-preview:large","max-video-preview":"max-video-preview:-1"},"canonical":"https:\/\/widinovations.pt\/fr\/fespa25\/","og_locale":"fr_FR","og_type":"article","og_title":"FESPA\u201925 - widinovations","og_description":"FESPA Berlin 2025: le rendez-vous incontournable de l&#8217;innovation en mati\u00e8re d&#8217;impression et de communication visuelle! Du 6 au 9 mai 2025, Berlin sera la capitale de l&#8217;innovation en mati\u00e8re d&#8217;impression num\u00e9rique, de s\u00e9rigraphie, d&#8217;impression textile et de communication visuelle avec FESPA Global Print Expo 2025. Consid\u00e9r\u00e9 comme le salon le plus important et le plus","og_url":"https:\/\/widinovations.pt\/fr\/fespa25\/","og_site_name":"widinovations","article_publisher":"https:\/\/www.facebook.com\/widinovations","article_published_time":"2025-02-25T22:14:12+00:00","article_modified_time":"2025-05-06T22:22:44+00:00","og_image":[{"width":1024,"height":1024,"url":"https:\/\/widinovations.pt\/wp-content\/uploads\/2025\/02\/Screenshot-2025-02-25-at-14.33.33-1024x1024.png","type":"image\/png"}],"author":"widinovations","twitter_card":"summary_large_image","twitter_misc":{"\u00c9crit par":"widinovations","Dur\u00e9e de lecture estim\u00e9e":"3 minutes"},"schema":{"@context":"https:\/\/schema.org","@graph":[{"@type":"Article","@id":"https:\/\/widinovations.pt\/fr\/fespa25\/#article","isPartOf":{"@id":"https:\/\/widinovations.pt\/fr\/fespa25\/"},"author":{"name":"widinovations","@id":"https:\/\/widinovations.pt\/#\/schema\/person\/d9ff419e256e88cc7ef1266dc483e8af"},"headline":"FESPA\u201925","datePublished":"2025-02-25T22:14:12+00:00","dateModified":"2025-05-06T22:22:44+00:00","mainEntityOfPage":{"@id":"https:\/\/widinovations.pt\/fr\/fespa25\/"},"wordCount":528,"publisher":{"@id":"https:\/\/widinovations.pt\/#organization"},"image":{"@id":"https:\/\/widinovations.pt\/fr\/fespa25\/#primaryimage"},"thumbnailUrl":"https:\/\/widinovations.pt\/wp-content\/uploads\/2025\/02\/Screenshot-2025-02-25-at-14.33.33.png","keywords":["FESPA","widinovations"],"articleSection":["Actualit\u00e9s","Salons Professionnels"],"inLanguage":"fr-FR"},{"@type":"WebPage","@id":"https:\/\/widinovations.pt\/fr\/fespa25\/","url":"https:\/\/widinovations.pt\/fr\/fespa25\/","name":"FESPA\u201925 - widinovations","isPartOf":{"@id":"https:\/\/widinovations.pt\/#website"},"primaryImageOfPage":{"@id":"https:\/\/widinovations.pt\/fr\/fespa25\/#primaryimage"},"image":{"@id":"https:\/\/widinovations.pt\/fr\/fespa25\/#primaryimage"},"thumbnailUrl":"https:\/\/widinovations.pt\/wp-content\/uploads\/2025\/02\/Screenshot-2025-02-25-at-14.33.33.png","datePublished":"2025-02-25T22:14:12+00:00","dateModified":"2025-05-06T22:22:44+00:00","breadcrumb":{"@id":"https:\/\/widinovations.pt\/fr\/fespa25\/#breadcrumb"},"inLanguage":"fr-FR","potentialAction":[{"@type":"ReadAction","target":["https:\/\/widinovations.pt\/fr\/fespa25\/"]}]},{"@type":"ImageObject","inLanguage":"fr-FR","@id":"https:\/\/widinovations.pt\/fr\/fespa25\/#primaryimage","url":"https:\/\/widinovations.pt\/wp-content\/uploads\/2025\/02\/Screenshot-2025-02-25-at-14.33.33.png","contentUrl":"https:\/\/widinovations.pt\/wp-content\/uploads\/2025\/02\/Screenshot-2025-02-25-at-14.33.33.png","width":1462,"height":1460},{"@type":"BreadcrumbList","@id":"https:\/\/widinovations.pt\/fr\/fespa25\/#breadcrumb","itemListElement":[{"@type":"ListItem","position":1,"name":"Home","item":"https:\/\/widinovations.pt\/fr\/home\/"},{"@type":"ListItem","position":2,"name":"FESPA\u201925"}]},{"@type":"WebSite","@id":"https:\/\/widinovations.pt\/#website","url":"https:\/\/widinovations.pt\/","name":"widinovations","description":"Equipamentos de Corte\/Grava\u00e7\u00e3o a Laser, Fresadoras e Laminadoras\/Encapsuladoras","publisher":{"@id":"https:\/\/widinovations.pt\/#organization"},"potentialAction":[{"@type":"SearchAction","target":{"@type":"EntryPoint","urlTemplate":"https:\/\/widinovations.pt\/?s={search_term_string}"},"query-input":{"@type":"PropertyValueSpecification","valueRequired":true,"valueName":"search_term_string"}}],"inLanguage":"fr-FR"},{"@type":"Organization","@id":"https:\/\/widinovations.pt\/#organization","name":"Widinovations","url":"https:\/\/widinovations.pt\/","logo":{"@type":"ImageObject","inLanguage":"fr-FR","@id":"https:\/\/widinovations.pt\/#\/schema\/logo\/image\/","url":"https:\/\/widinovations.pt\/wp-content\/uploads\/2016\/10\/wid_logo.svg","contentUrl":"https:\/\/widinovations.pt\/wp-content\/uploads\/2016\/10\/wid_logo.svg","width":1,"height":1,"caption":"Widinovations"},"image":{"@id":"https:\/\/widinovations.pt\/#\/schema\/logo\/image\/"},"sameAs":["https:\/\/www.facebook.com\/widinovations","https:\/\/www.instagram.com\/widinovations","https:\/\/www.linkedin.com\/company\/widinovations","https:\/\/www.youtube.com\/widinovations"]},{"@type":"Person","@id":"https:\/\/widinovations.pt\/#\/schema\/person\/d9ff419e256e88cc7ef1266dc483e8af","name":"widinovations","image":{"@type":"ImageObject","inLanguage":"fr-FR","@id":"https:\/\/widinovations.pt\/#\/schema\/person\/image\/","url":"https:\/\/secure.gravatar.com\/avatar\/1d54e6f95e436d34e557cbfe8dbad07213643c468c214bd992ffa609458d199a?s=96&d=mm&r=g","contentUrl":"https:\/\/secure.gravatar.com\/avatar\/1d54e6f95e436d34e557cbfe8dbad07213643c468c214bd992ffa609458d199a?s=96&d=mm&r=g","caption":"widinovations"}}]}},"_links":{"self":[{"href":"https:\/\/widinovations.pt\/fr\/wp-json\/wp\/v2\/posts\/14502","targetHints":{"allow":["GET"]}}],"collection":[{"href":"https:\/\/widinovations.pt\/fr\/wp-json\/wp\/v2\/posts"}],"about":[{"href":"https:\/\/widinovations.pt\/fr\/wp-json\/wp\/v2\/types\/post"}],"author":[{"embeddable":true,"href":"https:\/\/widinovations.pt\/fr\/wp-json\/wp\/v2\/users\/1"}],"replies":[{"embeddable":true,"href":"https:\/\/widinovations.pt\/fr\/wp-json\/wp\/v2\/comments?post=14502"}],"version-history":[{"count":3,"href":"https:\/\/widinovations.pt\/fr\/wp-json\/wp\/v2\/posts\/14502\/revisions"}],"predecessor-version":[{"id":14505,"href":"https:\/\/widinovations.pt\/fr\/wp-json\/wp\/v2\/posts\/14502\/revisions\/14505"}],"wp:featuredmedia":[{"embeddable":true,"href":"https:\/\/widinovations.pt\/fr\/wp-json\/wp\/v2\/media\/14433"}],"wp:attachment":[{"href":"https:\/\/widinovations.pt\/fr\/wp-json\/wp\/v2\/media?parent=14502"}],"wp:term":[{"taxonomy":"category","embeddable":true,"href":"https:\/\/widinovations.pt\/fr\/wp-json\/wp\/v2\/categories?post=14502"},{"taxonomy":"post_tag","embeddable":true,"href":"https:\/\/widinovations.pt\/fr\/wp-json\/wp\/v2\/tags?post=14502"}],"curies":[{"name":"wp","href":"https:\/\/api.w.org\/{rel}","templated":true}]}}