{"id":2151,"date":"2016-09-09T17:43:28","date_gmt":"2016-09-09T17:43:28","guid":{"rendered":"http:\/\/widinovations.pt\/?p=2151&#038;lang=es"},"modified":"2016-09-30T16:21:25","modified_gmt":"2016-09-30T16:21:25","slug":"instalacion-widlaser-1530-fm-plus-bratecnica","status":"publish","type":"post","link":"https:\/\/widinovations.pt\/es\/instalacion-widlaser-1530-fm-plus-bratecnica\/","title":{"rendered":"Instalaci\u00f3n widlaser 1530 FM Plus &#8211; Bratecnica"},"content":{"rendered":"<div class=\"wpb-content-wrapper\"><p>[vc_row css=&#8221;.vc_custom_1452687555475{margin-bottom: 100px !important;}&#8221;][vc_column offset=&#8221;vc_col-lg-9 vc_col-md-9&#8243; css=&#8221;.vc_custom_1452702342137{padding-right: 45px !important;}&#8221;][vc_custom_heading source=&#8221;post_title&#8221; use_theme_fonts=&#8221;yes&#8221; el_class=&#8221;no_stripe&#8221;][stm_post_details][vc_column_text css=&#8221;.vc_custom_1474998483449{margin-bottom: 20px !important;}&#8221;]Instalaci\u00f3n <strong>widlaser 1530 FM Plus<\/strong> (metal &amp; non metal laser) en la empresa\u00a0Bratecnica en Braga.[\/vc_column_text][vc_empty_space][stm_post_bottom][\/vc_column][vc_column width=&#8221;1\/4&#8243; offset=&#8221;vc_hidden-sm vc_hidden-xs&#8221;][stm_sidebar sidebar=&#8221;2052&#8243;][\/vc_column][\/vc_row][vc_row full_width=&#8221;stretch_row&#8221; el_class=&#8221;third_bg_color&#8221; css=&#8221;.vc_custom_1451889219674{margin-bottom: -60px !important;}&#8221;][vc_column][vc_cta h2=&#8221;Buscar equipo de corte y grabado l\u00e1ser, fresado o rodando?&#8221; h2_font_container=&#8221;font_size:20px|color:%23000000|line_height:24px&#8221; h2_use_theme_fonts=&#8221;yes&#8221; shape=&#8221;square&#8221; style=&#8221;flat&#8221; add_button=&#8221;right&#8221; btn_title=&#8221;cont\u00e1ctenos&#8221; btn_style=&#8221;flat&#8221; btn_shape=&#8221;square&#8221; btn_color=&#8221;theme_style_2&#8243; btn_align=&#8221;right&#8221; btn_i_align=&#8221;right&#8221; btn_i_icon_fontawesome=&#8221;fa fa-chevron-right&#8221; btn_add_icon=&#8221;true&#8221; btn_button_block=&#8221;true&#8221; el_class=&#8221;third_bg_color&#8221; css=&#8221;.vc_custom_1474998318040{margin-bottom: 0px !important;}&#8221; use_custom_fonts_h2=&#8221;true&#8221; btn_link=&#8221;url:http%3A%2F%2Fumsoprodealegria.ibername.com%2F~demos%2Fwidinovations.com%2Fcontactos%2F%3Flang%3Des||&#8221;][\/vc_cta][\/vc_column][\/vc_row]<\/p>\n<\/div>","protected":false},"excerpt":{"rendered":"<p>Instalaci\u00f3n widlaser 1530 FM Plus (metal &#038; non metal laser) en la empresa Bratecnica en Braga.<\/p>\n","protected":false},"author":1,"featured_media":1329,"comment_status":"closed","ping_status":"open","sticky":false,"template":"","format":"standard","meta":{"inline_featured_image":false,"cybocfi_hide_featured_image":"","footnotes":""},"categories":[167,138],"tags":[107,109,67,57,141,68,69,104,105,108,89,73,106],"class_list":["post-2151","post","type-post","status-publish","format-standard","has-post-thumbnail","hentry","category-noticias-es","category-widlaser-es","tag-braga","tag-bratecnica","tag-corte","tag-equipamentos","tag-grabacion","tag-gravacao","tag-laser","tag-metal-laser","tag-non-metal-laser","tag-portugal","tag-widinovations","tag-widlaser","tag-widlaser-1530-fm-plus"],"yoast_head":"<!-- This site is optimized with the Yoast SEO plugin v26.5 - https:\/\/yoast.com\/wordpress\/plugins\/seo\/ -->\n<title>Instalaci\u00f3n widlaser 1530 FM Plus - Bratecnica - widinovations<\/title>\n<meta name=\"robots\" content=\"index, follow, max-snippet:-1, max-image-preview:large, max-video-preview:-1\" \/>\n<link rel=\"canonical\" href=\"https:\/\/widinovations.pt\/es\/instalacion-widlaser-1530-fm-plus-bratecnica\/\" \/>\n<meta property=\"og:locale\" content=\"es_ES\" \/>\n<meta property=\"og:type\" content=\"article\" \/>\n<meta property=\"og:title\" content=\"Instalaci\u00f3n widlaser 1530 FM Plus - Bratecnica - widinovations\" \/>\n<meta property=\"og:description\" content=\"Instalaci\u00f3n widlaser 1530 FM Plus (metal &amp; non metal laser) en la empresa Bratecnica en Braga.\" \/>\n<meta property=\"og:url\" content=\"https:\/\/widinovations.pt\/es\/instalacion-widlaser-1530-fm-plus-bratecnica\/\" \/>\n<meta property=\"og:site_name\" content=\"widinovations\" \/>\n<meta property=\"article:publisher\" content=\"https:\/\/www.facebook.com\/widinovations\" \/>\n<meta property=\"article:published_time\" content=\"2016-09-09T17:43:28+00:00\" \/>\n<meta property=\"article:modified_time\" content=\"2016-09-30T16:21:25+00:00\" \/>\n<meta property=\"og:image\" content=\"https:\/\/widinovations.pt\/wp-content\/uploads\/2016\/07\/widlaser_bratecnica.jpg\" \/>\n\t<meta property=\"og:image:width\" content=\"960\" \/>\n\t<meta property=\"og:image:height\" content=\"720\" \/>\n\t<meta property=\"og:image:type\" content=\"image\/jpeg\" \/>\n<meta name=\"author\" content=\"widinovations\" \/>\n<meta name=\"twitter:card\" content=\"summary_large_image\" \/>\n<meta name=\"twitter:label1\" content=\"Escrito por\" \/>\n\t<meta name=\"twitter:data1\" content=\"widinovations\" \/>\n\t<meta name=\"twitter:label2\" content=\"Tiempo de lectura\" \/>\n\t<meta name=\"twitter:data2\" content=\"1 minuto\" \/>\n<script type=\"application\/ld+json\" class=\"yoast-schema-graph\">{\"@context\":\"https:\/\/schema.org\",\"@graph\":[{\"@type\":\"Article\",\"@id\":\"https:\/\/widinovations.pt\/es\/instalacion-widlaser-1530-fm-plus-bratecnica\/#article\",\"isPartOf\":{\"@id\":\"https:\/\/widinovations.pt\/es\/instalacion-widlaser-1530-fm-plus-bratecnica\/\"},\"author\":{\"name\":\"widinovations\",\"@id\":\"https:\/\/widinovations.pt\/#\/schema\/person\/d9ff419e256e88cc7ef1266dc483e8af\"},\"headline\":\"Instalaci\u00f3n widlaser 1530 FM Plus &#8211; Bratecnica\",\"datePublished\":\"2016-09-09T17:43:28+00:00\",\"dateModified\":\"2016-09-30T16:21:25+00:00\",\"mainEntityOfPage\":{\"@id\":\"https:\/\/widinovations.pt\/es\/instalacion-widlaser-1530-fm-plus-bratecnica\/\"},\"wordCount\":226,\"publisher\":{\"@id\":\"https:\/\/widinovations.pt\/#organization\"},\"image\":{\"@id\":\"https:\/\/widinovations.pt\/es\/instalacion-widlaser-1530-fm-plus-bratecnica\/#primaryimage\"},\"thumbnailUrl\":\"https:\/\/widinovations.pt\/wp-content\/uploads\/2016\/07\/widlaser_bratecnica.jpg\",\"keywords\":[\"braga\",\"bratecnica\",\"corte\",\"equipamentos\",\"grabaci\u00f3n\",\"grava\u00e7\u00e3o\",\"laser\",\"metal laser\",\"non-metal laser\",\"portugal\",\"widinovations\",\"widlaser\",\"widlaser 1530 fm plus\"],\"articleSection\":[\"Not\u00edcias\",\"widlaser\"],\"inLanguage\":\"es\"},{\"@type\":\"WebPage\",\"@id\":\"https:\/\/widinovations.pt\/es\/instalacion-widlaser-1530-fm-plus-bratecnica\/\",\"url\":\"https:\/\/widinovations.pt\/es\/instalacion-widlaser-1530-fm-plus-bratecnica\/\",\"name\":\"Instalaci\u00f3n widlaser 1530 FM Plus - Bratecnica - widinovations\",\"isPartOf\":{\"@id\":\"https:\/\/widinovations.pt\/#website\"},\"primaryImageOfPage\":{\"@id\":\"https:\/\/widinovations.pt\/es\/instalacion-widlaser-1530-fm-plus-bratecnica\/#primaryimage\"},\"image\":{\"@id\":\"https:\/\/widinovations.pt\/es\/instalacion-widlaser-1530-fm-plus-bratecnica\/#primaryimage\"},\"thumbnailUrl\":\"https:\/\/widinovations.pt\/wp-content\/uploads\/2016\/07\/widlaser_bratecnica.jpg\",\"datePublished\":\"2016-09-09T17:43:28+00:00\",\"dateModified\":\"2016-09-30T16:21:25+00:00\",\"breadcrumb\":{\"@id\":\"https:\/\/widinovations.pt\/es\/instalacion-widlaser-1530-fm-plus-bratecnica\/#breadcrumb\"},\"inLanguage\":\"es\",\"potentialAction\":[{\"@type\":\"ReadAction\",\"target\":[\"https:\/\/widinovations.pt\/es\/instalacion-widlaser-1530-fm-plus-bratecnica\/\"]}]},{\"@type\":\"ImageObject\",\"inLanguage\":\"es\",\"@id\":\"https:\/\/widinovations.pt\/es\/instalacion-widlaser-1530-fm-plus-bratecnica\/#primaryimage\",\"url\":\"https:\/\/widinovations.pt\/wp-content\/uploads\/2016\/07\/widlaser_bratecnica.jpg\",\"contentUrl\":\"https:\/\/widinovations.pt\/wp-content\/uploads\/2016\/07\/widlaser_bratecnica.jpg\",\"width\":960,\"height\":720,\"caption\":\"widlaser bratecnica\"},{\"@type\":\"BreadcrumbList\",\"@id\":\"https:\/\/widinovations.pt\/es\/instalacion-widlaser-1530-fm-plus-bratecnica\/#breadcrumb\",\"itemListElement\":[{\"@type\":\"ListItem\",\"position\":1,\"name\":\"Home\",\"item\":\"https:\/\/widinovations.pt\/es\/\"},{\"@type\":\"ListItem\",\"position\":2,\"name\":\"Instalaci\u00f3n widlaser 1530 FM Plus &#8211; Bratecnica\"}]},{\"@type\":\"WebSite\",\"@id\":\"https:\/\/widinovations.pt\/#website\",\"url\":\"https:\/\/widinovations.pt\/\",\"name\":\"widinovations\",\"description\":\"Equipamentos de Corte\/Grava\u00e7\u00e3o a Laser, Fresadoras e Laminadoras\/Encapsuladoras\",\"publisher\":{\"@id\":\"https:\/\/widinovations.pt\/#organization\"},\"potentialAction\":[{\"@type\":\"SearchAction\",\"target\":{\"@type\":\"EntryPoint\",\"urlTemplate\":\"https:\/\/widinovations.pt\/?s={search_term_string}\"},\"query-input\":{\"@type\":\"PropertyValueSpecification\",\"valueRequired\":true,\"valueName\":\"search_term_string\"}}],\"inLanguage\":\"es\"},{\"@type\":\"Organization\",\"@id\":\"https:\/\/widinovations.pt\/#organization\",\"name\":\"Widinovations\",\"url\":\"https:\/\/widinovations.pt\/\",\"logo\":{\"@type\":\"ImageObject\",\"inLanguage\":\"es\",\"@id\":\"https:\/\/widinovations.pt\/#\/schema\/logo\/image\/\",\"url\":\"https:\/\/widinovations.pt\/wp-content\/uploads\/2016\/10\/wid_logo.svg\",\"contentUrl\":\"https:\/\/widinovations.pt\/wp-content\/uploads\/2016\/10\/wid_logo.svg\",\"width\":1,\"height\":1,\"caption\":\"Widinovations\"},\"image\":{\"@id\":\"https:\/\/widinovations.pt\/#\/schema\/logo\/image\/\"},\"sameAs\":[\"https:\/\/www.facebook.com\/widinovations\",\"https:\/\/www.instagram.com\/widinovations\",\"https:\/\/www.linkedin.com\/company\/widinovations\",\"https:\/\/www.youtube.com\/widinovations\"]},{\"@type\":\"Person\",\"@id\":\"https:\/\/widinovations.pt\/#\/schema\/person\/d9ff419e256e88cc7ef1266dc483e8af\",\"name\":\"widinovations\",\"image\":{\"@type\":\"ImageObject\",\"inLanguage\":\"es\",\"@id\":\"https:\/\/widinovations.pt\/#\/schema\/person\/image\/\",\"url\":\"https:\/\/secure.gravatar.com\/avatar\/1d54e6f95e436d34e557cbfe8dbad07213643c468c214bd992ffa609458d199a?s=96&d=mm&r=g\",\"contentUrl\":\"https:\/\/secure.gravatar.com\/avatar\/1d54e6f95e436d34e557cbfe8dbad07213643c468c214bd992ffa609458d199a?s=96&d=mm&r=g\",\"caption\":\"widinovations\"}}]}<\/script>\n<!-- \/ Yoast SEO plugin. -->","yoast_head_json":{"title":"Instalaci\u00f3n widlaser 1530 FM Plus - Bratecnica - widinovations","robots":{"index":"index","follow":"follow","max-snippet":"max-snippet:-1","max-image-preview":"max-image-preview:large","max-video-preview":"max-video-preview:-1"},"canonical":"https:\/\/widinovations.pt\/es\/instalacion-widlaser-1530-fm-plus-bratecnica\/","og_locale":"es_ES","og_type":"article","og_title":"Instalaci\u00f3n widlaser 1530 FM Plus - Bratecnica - widinovations","og_description":"Instalaci\u00f3n widlaser 1530 FM Plus (metal & non metal laser) en la empresa Bratecnica en Braga.","og_url":"https:\/\/widinovations.pt\/es\/instalacion-widlaser-1530-fm-plus-bratecnica\/","og_site_name":"widinovations","article_publisher":"https:\/\/www.facebook.com\/widinovations","article_published_time":"2016-09-09T17:43:28+00:00","article_modified_time":"2016-09-30T16:21:25+00:00","og_image":[{"width":960,"height":720,"url":"https:\/\/widinovations.pt\/wp-content\/uploads\/2016\/07\/widlaser_bratecnica.jpg","type":"image\/jpeg"}],"author":"widinovations","twitter_card":"summary_large_image","twitter_misc":{"Escrito por":"widinovations","Tiempo de lectura":"1 minuto"},"schema":{"@context":"https:\/\/schema.org","@graph":[{"@type":"Article","@id":"https:\/\/widinovations.pt\/es\/instalacion-widlaser-1530-fm-plus-bratecnica\/#article","isPartOf":{"@id":"https:\/\/widinovations.pt\/es\/instalacion-widlaser-1530-fm-plus-bratecnica\/"},"author":{"name":"widinovations","@id":"https:\/\/widinovations.pt\/#\/schema\/person\/d9ff419e256e88cc7ef1266dc483e8af"},"headline":"Instalaci\u00f3n widlaser 1530 FM Plus &#8211; Bratecnica","datePublished":"2016-09-09T17:43:28+00:00","dateModified":"2016-09-30T16:21:25+00:00","mainEntityOfPage":{"@id":"https:\/\/widinovations.pt\/es\/instalacion-widlaser-1530-fm-plus-bratecnica\/"},"wordCount":226,"publisher":{"@id":"https:\/\/widinovations.pt\/#organization"},"image":{"@id":"https:\/\/widinovations.pt\/es\/instalacion-widlaser-1530-fm-plus-bratecnica\/#primaryimage"},"thumbnailUrl":"https:\/\/widinovations.pt\/wp-content\/uploads\/2016\/07\/widlaser_bratecnica.jpg","keywords":["braga","bratecnica","corte","equipamentos","grabaci\u00f3n","grava\u00e7\u00e3o","laser","metal laser","non-metal laser","portugal","widinovations","widlaser","widlaser 1530 fm plus"],"articleSection":["Not\u00edcias","widlaser"],"inLanguage":"es"},{"@type":"WebPage","@id":"https:\/\/widinovations.pt\/es\/instalacion-widlaser-1530-fm-plus-bratecnica\/","url":"https:\/\/widinovations.pt\/es\/instalacion-widlaser-1530-fm-plus-bratecnica\/","name":"Instalaci\u00f3n widlaser 1530 FM Plus - Bratecnica - widinovations","isPartOf":{"@id":"https:\/\/widinovations.pt\/#website"},"primaryImageOfPage":{"@id":"https:\/\/widinovations.pt\/es\/instalacion-widlaser-1530-fm-plus-bratecnica\/#primaryimage"},"image":{"@id":"https:\/\/widinovations.pt\/es\/instalacion-widlaser-1530-fm-plus-bratecnica\/#primaryimage"},"thumbnailUrl":"https:\/\/widinovations.pt\/wp-content\/uploads\/2016\/07\/widlaser_bratecnica.jpg","datePublished":"2016-09-09T17:43:28+00:00","dateModified":"2016-09-30T16:21:25+00:00","breadcrumb":{"@id":"https:\/\/widinovations.pt\/es\/instalacion-widlaser-1530-fm-plus-bratecnica\/#breadcrumb"},"inLanguage":"es","potentialAction":[{"@type":"ReadAction","target":["https:\/\/widinovations.pt\/es\/instalacion-widlaser-1530-fm-plus-bratecnica\/"]}]},{"@type":"ImageObject","inLanguage":"es","@id":"https:\/\/widinovations.pt\/es\/instalacion-widlaser-1530-fm-plus-bratecnica\/#primaryimage","url":"https:\/\/widinovations.pt\/wp-content\/uploads\/2016\/07\/widlaser_bratecnica.jpg","contentUrl":"https:\/\/widinovations.pt\/wp-content\/uploads\/2016\/07\/widlaser_bratecnica.jpg","width":960,"height":720,"caption":"widlaser bratecnica"},{"@type":"BreadcrumbList","@id":"https:\/\/widinovations.pt\/es\/instalacion-widlaser-1530-fm-plus-bratecnica\/#breadcrumb","itemListElement":[{"@type":"ListItem","position":1,"name":"Home","item":"https:\/\/widinovations.pt\/es\/"},{"@type":"ListItem","position":2,"name":"Instalaci\u00f3n widlaser 1530 FM Plus &#8211; Bratecnica"}]},{"@type":"WebSite","@id":"https:\/\/widinovations.pt\/#website","url":"https:\/\/widinovations.pt\/","name":"widinovations","description":"Equipamentos de Corte\/Grava\u00e7\u00e3o a Laser, Fresadoras e Laminadoras\/Encapsuladoras","publisher":{"@id":"https:\/\/widinovations.pt\/#organization"},"potentialAction":[{"@type":"SearchAction","target":{"@type":"EntryPoint","urlTemplate":"https:\/\/widinovations.pt\/?s={search_term_string}"},"query-input":{"@type":"PropertyValueSpecification","valueRequired":true,"valueName":"search_term_string"}}],"inLanguage":"es"},{"@type":"Organization","@id":"https:\/\/widinovations.pt\/#organization","name":"Widinovations","url":"https:\/\/widinovations.pt\/","logo":{"@type":"ImageObject","inLanguage":"es","@id":"https:\/\/widinovations.pt\/#\/schema\/logo\/image\/","url":"https:\/\/widinovations.pt\/wp-content\/uploads\/2016\/10\/wid_logo.svg","contentUrl":"https:\/\/widinovations.pt\/wp-content\/uploads\/2016\/10\/wid_logo.svg","width":1,"height":1,"caption":"Widinovations"},"image":{"@id":"https:\/\/widinovations.pt\/#\/schema\/logo\/image\/"},"sameAs":["https:\/\/www.facebook.com\/widinovations","https:\/\/www.instagram.com\/widinovations","https:\/\/www.linkedin.com\/company\/widinovations","https:\/\/www.youtube.com\/widinovations"]},{"@type":"Person","@id":"https:\/\/widinovations.pt\/#\/schema\/person\/d9ff419e256e88cc7ef1266dc483e8af","name":"widinovations","image":{"@type":"ImageObject","inLanguage":"es","@id":"https:\/\/widinovations.pt\/#\/schema\/person\/image\/","url":"https:\/\/secure.gravatar.com\/avatar\/1d54e6f95e436d34e557cbfe8dbad07213643c468c214bd992ffa609458d199a?s=96&d=mm&r=g","contentUrl":"https:\/\/secure.gravatar.com\/avatar\/1d54e6f95e436d34e557cbfe8dbad07213643c468c214bd992ffa609458d199a?s=96&d=mm&r=g","caption":"widinovations"}}]}},"_links":{"self":[{"href":"https:\/\/widinovations.pt\/es\/wp-json\/wp\/v2\/posts\/2151","targetHints":{"allow":["GET"]}}],"collection":[{"href":"https:\/\/widinovations.pt\/es\/wp-json\/wp\/v2\/posts"}],"about":[{"href":"https:\/\/widinovations.pt\/es\/wp-json\/wp\/v2\/types\/post"}],"author":[{"embeddable":true,"href":"https:\/\/widinovations.pt\/es\/wp-json\/wp\/v2\/users\/1"}],"replies":[{"embeddable":true,"href":"https:\/\/widinovations.pt\/es\/wp-json\/wp\/v2\/comments?post=2151"}],"version-history":[{"count":0,"href":"https:\/\/widinovations.pt\/es\/wp-json\/wp\/v2\/posts\/2151\/revisions"}],"wp:featuredmedia":[{"embeddable":true,"href":"https:\/\/widinovations.pt\/es\/wp-json\/wp\/v2\/media\/1329"}],"wp:attachment":[{"href":"https:\/\/widinovations.pt\/es\/wp-json\/wp\/v2\/media?parent=2151"}],"wp:term":[{"taxonomy":"category","embeddable":true,"href":"https:\/\/widinovations.pt\/es\/wp-json\/wp\/v2\/categories?post=2151"},{"taxonomy":"post_tag","embeddable":true,"href":"https:\/\/widinovations.pt\/es\/wp-json\/wp\/v2\/tags?post=2151"}],"curies":[{"name":"wp","href":"https:\/\/api.w.org\/{rel}","templated":true}]}}