{"id":13545,"date":"2025-02-25T15:24:11","date_gmt":"2025-02-25T15:24:11","guid":{"rendered":"https:\/\/widinovations.pt\/?p=13545"},"modified":"2025-02-25T15:52:09","modified_gmt":"2025-02-25T15:52:09","slug":"fespa25","status":"publish","type":"post","link":"https:\/\/widinovations.pt\/es\/fespa25\/","title":{"rendered":"FESPA&#8217;25"},"content":{"rendered":"<div class=\"flex h-full w-full flex-col\">\n<div class=\"relative flex h-full w-full flex-1 overflow-hidden transition-colors z-0\">\n<div class=\"relative flex h-full w-full flex-row overflow-hidden\">\n<div class=\"relative flex h-full max-w-full flex-1 flex-col overflow-hidden\">\n<p>&nbsp;<\/p>\n<div class=\"composer-parent flex flex-col focus-visible:outline-0 h-full\" role=\"presentation\">\n<div class=\"flex-1 overflow-hidden @container\/thread translate-y-[2rem] -mt-[2rem] pb-[1.5rem]\">\n<div class=\"flex h-full flex-col overflow-y-auto\">\n<div class=\"flex flex-col text-sm md:pb-9\">\n<article class=\"w-full text-token-text-primary focus-visible:outline-2 focus-visible:outline-offset-[-4px]\" dir=\"auto\" data-testid=\"conversation-turn-25\" data-scroll-anchor=\"true\">\n<div class=\"m-auto text-base py-[18px] px-6\">\n<div class=\"mx-auto flex flex-1 text-base gap-4 md:gap-5 lg:gap-6 md:max-w-3xl lg:max-w-[40rem] xl:max-w-[48rem]\">\n<div class=\"group\/conversation-turn relative flex w-full min-w-0 flex-col agent-turn @xs\/thread:px-0 @sm\/thread:px-1.5 @md\/thread:px-4\">\n<div class=\"flex-col gap-1 md:gap-3\">\n<div class=\"flex max-w-full flex-col flex-grow\">\n<div class=\"min-h-8 text-message flex w-full flex-col items-end gap-2 whitespace-normal break-words text-start [.text-message+&amp;]:mt-5\" dir=\"auto\" data-message-author-role=\"assistant\" data-message-id=\"2f265d3e-4317-4d1c-a28d-4f116f1661d7\" data-message-model-slug=\"gpt-4o\">\n<div class=\"flex w-full flex-col gap-1 empty:hidden first:pt-[3px]\">\n<div class=\"result-streaming markdown prose w-full break-words dark:prose-invert light\">\n<h2 data-start=\"0\" data-end=\"105\"><strong data-start=\"2\" data-end=\"100\">FESPA Berl\u00edn 2025: \u00a1El Evento Imprescindible de Innovaci\u00f3n en Impresi\u00f3n y Comunicaci\u00f3n Visual!<\/strong><\/h2>\n<p data-start=\"107\" data-end=\"570\">Del <strong data-start=\"111\" data-end=\"137\">6 al 9 de mayo de 2025<\/strong>, Berl\u00edn se convertir\u00e1 en la <strong data-start=\"166\" data-end=\"267\">capital de la innovaci\u00f3n en impresi\u00f3n digital, serigraf\u00eda, impresi\u00f3n textil y comunicaci\u00f3n visual<\/strong> con la celebraci\u00f3n de la <strong data-start=\"293\" data-end=\"325\">FESPA Global Print Expo 2025<\/strong>. Considerado el <strong data-start=\"342\" data-end=\"387\">evento m\u00e1s grande e influyente del sector<\/strong>, esta feria re\u00fane a los <strong data-start=\"412\" data-end=\"463\">principales actores internacionales del mercado<\/strong>, presentando las \u00faltimas innovaciones tecnol\u00f3gicas y tendencias que definir\u00e1n el futuro de la industria.<\/p>\n<p data-start=\"572\" data-end=\"864\">Es una oportunidad \u00fanica para <strong data-start=\"602\" data-end=\"704\">explorar nuevas soluciones, conocer los equipos m\u00e1s avanzados y establecer conexiones estrat\u00e9gicas<\/strong>. Y, por supuesto, para visitar el stand de <strong data-start=\"748\" data-end=\"765\">Widinovations<\/strong>, donde presentaremos nuestras m\u00e1s recientes <strong data-start=\"810\" data-end=\"861\">tecnolog\u00edas de corte, grabado y personalizaci\u00f3n<\/strong>.<\/p>\n<h2 data-start=\"866\" data-end=\"913\"><strong data-start=\"869\" data-end=\"911\">\u00bfPor qu\u00e9 visitar la FESPA Berl\u00edn 2025?<\/strong><\/h2>\n<p data-start=\"915\" data-end=\"967\"><strong data-start=\"919\" data-end=\"965\">1\ufe0f\u20e3 Acceso a las tecnolog\u00edas m\u00e1s avanzadas<\/strong><\/p>\n<p data-start=\"968\" data-end=\"1280\">FESPA es un <strong data-start=\"980\" data-end=\"1017\">aut\u00e9ntico escenario de innovaci\u00f3n<\/strong>, donde las principales marcas del sector presentan <strong data-start=\"1069\" data-end=\"1119\">lanzamientos exclusivos y avances tecnol\u00f3gicos<\/strong>. Si est\u00e1 buscando <strong data-start=\"1138\" data-end=\"1221\">m\u00e1quinas m\u00e1s eficientes, materiales innovadores o software de \u00faltima generaci\u00f3n<\/strong>, este es el lugar ideal para verlo todo de primera mano.<\/p>\n<p data-start=\"1282\" data-end=\"1333\"><strong data-start=\"1286\" data-end=\"1331\">2\ufe0f\u20e3 Networking y oportunidades de negocio<\/strong><\/p>\n<p data-start=\"1334\" data-end=\"1648\">La feria re\u00fane a <strong data-start=\"1351\" data-end=\"1394\">miles de profesionales de todo el mundo<\/strong>, desde <strong data-start=\"1402\" data-end=\"1474\">fabricantes y distribuidores hasta empresarios y expertos del sector<\/strong>. Si busca <strong data-start=\"1485\" data-end=\"1581\">expandir su negocio, establecer nuevas alianzas o conocer las \u00faltimas tendencias del mercado<\/strong>, este es el entorno ideal para <strong data-start=\"1613\" data-end=\"1645\">hacer contactos estrat\u00e9gicos<\/strong>.<\/p>\n<p data-start=\"1650\" data-end=\"1706\"><strong data-start=\"1654\" data-end=\"1704\">3\ufe0f\u20e3 Formaci\u00f3n y actualizaci\u00f3n de conocimientos<\/strong><\/p>\n<p data-start=\"1707\" data-end=\"1967\">Adem\u00e1s de la exposici\u00f3n de equipos, FESPA Berl\u00edn tambi\u00e9n contar\u00e1 con un <strong data-start=\"1779\" data-end=\"1843\">programa de conferencias, workshops y demostraciones en vivo<\/strong>, donde expertos compartir\u00e1n <strong data-start=\"1872\" data-end=\"1964\">ideas clave sobre el futuro de la impresi\u00f3n, la personalizaci\u00f3n y la comunicaci\u00f3n visual<\/strong>.<\/p>\n<hr data-start=\"1969\" data-end=\"1972\" \/>\n<h2 data-start=\"1974\" data-end=\"2012\"><strong data-start=\"1977\" data-end=\"2010\">\u00bfQui\u00e9n debe visitar FESPA?<\/strong><\/h2>\n<p data-start=\"2014\" data-end=\"2114\"><strong data-start=\"2016\" data-end=\"2093\">Todos los interesados en la innovaci\u00f3n en impresi\u00f3n y comunicaci\u00f3n visual<\/strong>, pero en especial:<\/p>\n<ul>\n<li data-start=\"2116\" data-end=\"2273\"><strong data-start=\"2119\" data-end=\"2166\">Empresas de impresi\u00f3n y comunicaci\u00f3n visual<\/strong> que buscan <strong data-start=\"2178\" data-end=\"2270\">equipos de \u00faltima generaci\u00f3n para aumentar la productividad y diversificar sus servicios<\/strong>.<\/li>\n<li data-start=\"2116\" data-end=\"2273\"><strong data-start=\"2278\" data-end=\"2323\">Profesionales del sector gr\u00e1fico y textil<\/strong> que desean <strong data-start=\"2335\" data-end=\"2428\">descubrir nuevas tendencias y t\u00e9cnicas innovadoras en impresi\u00f3n digital y personalizaci\u00f3n<\/strong>.<\/li>\n<li data-start=\"2116\" data-end=\"2273\"><strong data-start=\"2436\" data-end=\"2469\">Distribuidores y revendedores<\/strong> que buscan <strong data-start=\"2481\" data-end=\"2578\">nuevas oportunidades de negocio y alianzas estrat\u00e9gicas para ampliar su cat\u00e1logo de productos<\/strong>.<\/li>\n<\/ul>\n<hr data-start=\"2583\" data-end=\"2586\" \/>\n<h2 data-start=\"2588\" data-end=\"2634\"><strong data-start=\"2591\" data-end=\"2632\">\u00a1Visite el stand de Widinovations!<\/strong><\/h2>\n<p data-start=\"2636\" data-end=\"2837\">Estaremos presentes en <strong data-start=\"2659\" data-end=\"2680\">FESPA Berl\u00edn 2025<\/strong>, presentando <strong data-start=\"2694\" data-end=\"2763\">equipos de alto rendimiento para corte, grabado y personalizaci\u00f3n<\/strong>. Nuestro stand ser\u00e1 un <strong data-start=\"2787\" data-end=\"2821\">espacio din\u00e1mico e interactivo<\/strong>, donde podr\u00e1:<\/p>\n<ul>\n<li data-start=\"2839\" data-end=\"3104\"><strong data-start=\"2841\" data-end=\"2877\">Asistir a demostraciones en vivo<\/strong> y ver nuestra tecnolog\u00eda en acci\u00f3n.<\/li>\n<li data-start=\"2839\" data-end=\"3104\"><strong data-start=\"2918\" data-end=\"2963\">Hablar directamente con nuestros expertos<\/strong> para resolver dudas y recibir asesoramiento personalizado.<\/li>\n<li data-start=\"2839\" data-end=\"3104\"><strong data-start=\"3027\" data-end=\"3075\">Descubrir novedades y soluciones innovadoras<\/strong> para potenciar su negocio.<\/li>\n<\/ul>\n<p data-start=\"3106\" data-end=\"3209\"><strong data-start=\"3109\" data-end=\"3120\">\u00bfD\u00f3nde?<\/strong> En la <strong data-start=\"3127\" data-end=\"3156\">Messe de Berl\u00edn, Alemania<\/strong>.<br data-start=\"3157\" data-end=\"3160\" \/><strong data-start=\"3163\" data-end=\"3175\">\u00bfCu\u00e1ndo?<\/strong> Del <strong data-start=\"3180\" data-end=\"3206\">6 al 9 de mayo de 2025<\/strong>.<br \/>\n<strong>Stand Widinovations:<\/strong> Pav. 3.2, stand A47.<\/p>\n<p data-start=\"3211\" data-end=\"3320\"><strong data-start=\"3214\" data-end=\"3318\">\u00a1Reg\u00edstrese, marque la fecha en su agenda y venga a explorar el futuro de la impresi\u00f3n con nosotros!<\/strong><\/p>\n<p data-start=\"3322\" data-end=\"3460\"><strong data-start=\"3325\" data-end=\"3343\">Inscripciones:<\/strong> <a href=\"https:\/\/www.fespaglobalprintexpo.com\/visit\/registration\" target=\"_new\" rel=\"noopener\" data-start=\"3344\" data-end=\"3458\">https:\/\/www.fespaglobalprintexpo.com\/visit\/registration<\/a><\/p>\n<p data-start=\"3462\" data-end=\"3495\"><strong data-start=\"3465\" data-end=\"3493\">Together, we never stop!<\/strong><\/p>\n<p data-start=\"3497\" data-end=\"3608\" data-is-last-node=\"\" data-is-only-node=\"\">#FESPABerlin2025 #Innovaci\u00f3nEnImpresi\u00f3n #Widinovations #FuturoDeLaImpresi\u00f3n #Networking #CrecimientoEmpresarial<\/p>\n<\/div>\n<\/div>\n<\/div>\n<\/div>\n<\/div>\n<\/div>\n<\/div>\n<\/div>\n<\/article>\n<\/div>\n<\/div>\n<\/div>\n<\/div>\n<\/div>\n<\/div>\n<\/div>\n<\/div>\n","protected":false},"excerpt":{"rendered":"<p>&nbsp; FESPA Berl\u00edn 2025: \u00a1El Evento Imprescindible de Innovaci\u00f3n en Impresi\u00f3n y Comunicaci\u00f3n Visual! Del 6 al 9 de mayo de 2025, Berl\u00edn se convertir\u00e1 en la capital de la innovaci\u00f3n en impresi\u00f3n digital, serigraf\u00eda, impresi\u00f3n textil y comunicaci\u00f3n visual con la celebraci\u00f3n de la FESPA Global Print Expo 2025. Considerado el evento m\u00e1s grande<\/p>\n","protected":false},"author":1,"featured_media":13564,"comment_status":"closed","ping_status":"open","sticky":false,"template":"","format":"standard","meta":{"inline_featured_image":false,"cybocfi_hide_featured_image":"","footnotes":""},"categories":[136,167],"tags":[376,377,333],"class_list":["post-13545","post","type-post","status-publish","format-standard","has-post-thumbnail","hentry","category-ferias","category-noticias-es","tag-376","tag-fespa-es","tag-widinovations-es"],"yoast_head":"<!-- This site is optimized with the Yoast SEO plugin v26.5 - https:\/\/yoast.com\/wordpress\/plugins\/seo\/ -->\n<title>FESPA&#039;25 - widinovations<\/title>\n<meta name=\"robots\" content=\"index, follow, max-snippet:-1, max-image-preview:large, max-video-preview:-1\" \/>\n<link rel=\"canonical\" href=\"https:\/\/widinovations.pt\/es\/fespa25\/\" \/>\n<meta property=\"og:locale\" content=\"es_ES\" \/>\n<meta property=\"og:type\" content=\"article\" \/>\n<meta property=\"og:title\" content=\"FESPA&#039;25 - widinovations\" \/>\n<meta property=\"og:description\" content=\"&nbsp; FESPA Berl\u00edn 2025: \u00a1El Evento Imprescindible de Innovaci\u00f3n en Impresi\u00f3n y Comunicaci\u00f3n Visual! Del 6 al 9 de mayo de 2025, Berl\u00edn se convertir\u00e1 en la capital de la innovaci\u00f3n en impresi\u00f3n digital, serigraf\u00eda, impresi\u00f3n textil y comunicaci\u00f3n visual con la celebraci\u00f3n de la FESPA Global Print Expo 2025. Considerado el evento m\u00e1s grande\" \/>\n<meta property=\"og:url\" content=\"https:\/\/widinovations.pt\/es\/fespa25\/\" \/>\n<meta property=\"og:site_name\" content=\"widinovations\" \/>\n<meta property=\"article:publisher\" content=\"https:\/\/www.facebook.com\/widinovations\" \/>\n<meta property=\"article:published_time\" content=\"2025-02-25T15:24:11+00:00\" \/>\n<meta property=\"article:modified_time\" content=\"2025-02-25T15:52:09+00:00\" \/>\n<meta property=\"og:image\" content=\"https:\/\/widinovations.pt\/wp-content\/uploads\/2025\/02\/Screenshot-2025-02-25-at-14.33.33-1024x1024.png\" \/>\n\t<meta property=\"og:image:width\" content=\"1024\" \/>\n\t<meta property=\"og:image:height\" content=\"1024\" \/>\n\t<meta property=\"og:image:type\" content=\"image\/png\" \/>\n<meta name=\"author\" content=\"widinovations\" \/>\n<meta name=\"twitter:card\" content=\"summary_large_image\" \/>\n<meta name=\"twitter:label1\" content=\"Escrito por\" \/>\n\t<meta name=\"twitter:data1\" content=\"widinovations\" \/>\n\t<meta name=\"twitter:label2\" content=\"Tiempo de lectura\" \/>\n\t<meta name=\"twitter:data2\" content=\"1 minuto\" \/>\n<script type=\"application\/ld+json\" class=\"yoast-schema-graph\">{\"@context\":\"https:\/\/schema.org\",\"@graph\":[{\"@type\":\"Article\",\"@id\":\"https:\/\/widinovations.pt\/es\/fespa25\/#article\",\"isPartOf\":{\"@id\":\"https:\/\/widinovations.pt\/es\/fespa25\/\"},\"author\":{\"name\":\"widinovations\",\"@id\":\"https:\/\/widinovations.pt\/#\/schema\/person\/d9ff419e256e88cc7ef1266dc483e8af\"},\"headline\":\"FESPA&#8217;25\",\"datePublished\":\"2025-02-25T15:24:11+00:00\",\"dateModified\":\"2025-02-25T15:52:09+00:00\",\"mainEntityOfPage\":{\"@id\":\"https:\/\/widinovations.pt\/es\/fespa25\/\"},\"wordCount\":520,\"publisher\":{\"@id\":\"https:\/\/widinovations.pt\/#organization\"},\"image\":{\"@id\":\"https:\/\/widinovations.pt\/es\/fespa25\/#primaryimage\"},\"thumbnailUrl\":\"https:\/\/widinovations.pt\/wp-content\/uploads\/2025\/02\/Screenshot-2025-02-25-at-14.33.33.png\",\"keywords\":[\"2025\",\"FESPA\",\"widinovations\"],\"articleSection\":[\"ferias\",\"Not\u00edcias\"],\"inLanguage\":\"es\"},{\"@type\":\"WebPage\",\"@id\":\"https:\/\/widinovations.pt\/es\/fespa25\/\",\"url\":\"https:\/\/widinovations.pt\/es\/fespa25\/\",\"name\":\"FESPA'25 - widinovations\",\"isPartOf\":{\"@id\":\"https:\/\/widinovations.pt\/#website\"},\"primaryImageOfPage\":{\"@id\":\"https:\/\/widinovations.pt\/es\/fespa25\/#primaryimage\"},\"image\":{\"@id\":\"https:\/\/widinovations.pt\/es\/fespa25\/#primaryimage\"},\"thumbnailUrl\":\"https:\/\/widinovations.pt\/wp-content\/uploads\/2025\/02\/Screenshot-2025-02-25-at-14.33.33.png\",\"datePublished\":\"2025-02-25T15:24:11+00:00\",\"dateModified\":\"2025-02-25T15:52:09+00:00\",\"breadcrumb\":{\"@id\":\"https:\/\/widinovations.pt\/es\/fespa25\/#breadcrumb\"},\"inLanguage\":\"es\",\"potentialAction\":[{\"@type\":\"ReadAction\",\"target\":[\"https:\/\/widinovations.pt\/es\/fespa25\/\"]}]},{\"@type\":\"ImageObject\",\"inLanguage\":\"es\",\"@id\":\"https:\/\/widinovations.pt\/es\/fespa25\/#primaryimage\",\"url\":\"https:\/\/widinovations.pt\/wp-content\/uploads\/2025\/02\/Screenshot-2025-02-25-at-14.33.33.png\",\"contentUrl\":\"https:\/\/widinovations.pt\/wp-content\/uploads\/2025\/02\/Screenshot-2025-02-25-at-14.33.33.png\",\"width\":1462,\"height\":1460},{\"@type\":\"BreadcrumbList\",\"@id\":\"https:\/\/widinovations.pt\/es\/fespa25\/#breadcrumb\",\"itemListElement\":[{\"@type\":\"ListItem\",\"position\":1,\"name\":\"Home\",\"item\":\"https:\/\/widinovations.pt\/es\/\"},{\"@type\":\"ListItem\",\"position\":2,\"name\":\"FESPA&#8217;25\"}]},{\"@type\":\"WebSite\",\"@id\":\"https:\/\/widinovations.pt\/#website\",\"url\":\"https:\/\/widinovations.pt\/\",\"name\":\"widinovations\",\"description\":\"Equipamentos de Corte\/Grava\u00e7\u00e3o a Laser, Fresadoras e Laminadoras\/Encapsuladoras\",\"publisher\":{\"@id\":\"https:\/\/widinovations.pt\/#organization\"},\"potentialAction\":[{\"@type\":\"SearchAction\",\"target\":{\"@type\":\"EntryPoint\",\"urlTemplate\":\"https:\/\/widinovations.pt\/?s={search_term_string}\"},\"query-input\":{\"@type\":\"PropertyValueSpecification\",\"valueRequired\":true,\"valueName\":\"search_term_string\"}}],\"inLanguage\":\"es\"},{\"@type\":\"Organization\",\"@id\":\"https:\/\/widinovations.pt\/#organization\",\"name\":\"Widinovations\",\"url\":\"https:\/\/widinovations.pt\/\",\"logo\":{\"@type\":\"ImageObject\",\"inLanguage\":\"es\",\"@id\":\"https:\/\/widinovations.pt\/#\/schema\/logo\/image\/\",\"url\":\"https:\/\/widinovations.pt\/wp-content\/uploads\/2016\/10\/wid_logo.svg\",\"contentUrl\":\"https:\/\/widinovations.pt\/wp-content\/uploads\/2016\/10\/wid_logo.svg\",\"width\":1,\"height\":1,\"caption\":\"Widinovations\"},\"image\":{\"@id\":\"https:\/\/widinovations.pt\/#\/schema\/logo\/image\/\"},\"sameAs\":[\"https:\/\/www.facebook.com\/widinovations\",\"https:\/\/www.instagram.com\/widinovations\",\"https:\/\/www.linkedin.com\/company\/widinovations\",\"https:\/\/www.youtube.com\/widinovations\"]},{\"@type\":\"Person\",\"@id\":\"https:\/\/widinovations.pt\/#\/schema\/person\/d9ff419e256e88cc7ef1266dc483e8af\",\"name\":\"widinovations\",\"image\":{\"@type\":\"ImageObject\",\"inLanguage\":\"es\",\"@id\":\"https:\/\/widinovations.pt\/#\/schema\/person\/image\/\",\"url\":\"https:\/\/secure.gravatar.com\/avatar\/1d54e6f95e436d34e557cbfe8dbad07213643c468c214bd992ffa609458d199a?s=96&d=mm&r=g\",\"contentUrl\":\"https:\/\/secure.gravatar.com\/avatar\/1d54e6f95e436d34e557cbfe8dbad07213643c468c214bd992ffa609458d199a?s=96&d=mm&r=g\",\"caption\":\"widinovations\"}}]}<\/script>\n<!-- \/ Yoast SEO plugin. -->","yoast_head_json":{"title":"FESPA'25 - widinovations","robots":{"index":"index","follow":"follow","max-snippet":"max-snippet:-1","max-image-preview":"max-image-preview:large","max-video-preview":"max-video-preview:-1"},"canonical":"https:\/\/widinovations.pt\/es\/fespa25\/","og_locale":"es_ES","og_type":"article","og_title":"FESPA'25 - widinovations","og_description":"&nbsp; FESPA Berl\u00edn 2025: \u00a1El Evento Imprescindible de Innovaci\u00f3n en Impresi\u00f3n y Comunicaci\u00f3n Visual! Del 6 al 9 de mayo de 2025, Berl\u00edn se convertir\u00e1 en la capital de la innovaci\u00f3n en impresi\u00f3n digital, serigraf\u00eda, impresi\u00f3n textil y comunicaci\u00f3n visual con la celebraci\u00f3n de la FESPA Global Print Expo 2025. Considerado el evento m\u00e1s grande","og_url":"https:\/\/widinovations.pt\/es\/fespa25\/","og_site_name":"widinovations","article_publisher":"https:\/\/www.facebook.com\/widinovations","article_published_time":"2025-02-25T15:24:11+00:00","article_modified_time":"2025-02-25T15:52:09+00:00","og_image":[{"width":1024,"height":1024,"url":"https:\/\/widinovations.pt\/wp-content\/uploads\/2025\/02\/Screenshot-2025-02-25-at-14.33.33-1024x1024.png","type":"image\/png"}],"author":"widinovations","twitter_card":"summary_large_image","twitter_misc":{"Escrito por":"widinovations","Tiempo de lectura":"1 minuto"},"schema":{"@context":"https:\/\/schema.org","@graph":[{"@type":"Article","@id":"https:\/\/widinovations.pt\/es\/fespa25\/#article","isPartOf":{"@id":"https:\/\/widinovations.pt\/es\/fespa25\/"},"author":{"name":"widinovations","@id":"https:\/\/widinovations.pt\/#\/schema\/person\/d9ff419e256e88cc7ef1266dc483e8af"},"headline":"FESPA&#8217;25","datePublished":"2025-02-25T15:24:11+00:00","dateModified":"2025-02-25T15:52:09+00:00","mainEntityOfPage":{"@id":"https:\/\/widinovations.pt\/es\/fespa25\/"},"wordCount":520,"publisher":{"@id":"https:\/\/widinovations.pt\/#organization"},"image":{"@id":"https:\/\/widinovations.pt\/es\/fespa25\/#primaryimage"},"thumbnailUrl":"https:\/\/widinovations.pt\/wp-content\/uploads\/2025\/02\/Screenshot-2025-02-25-at-14.33.33.png","keywords":["2025","FESPA","widinovations"],"articleSection":["ferias","Not\u00edcias"],"inLanguage":"es"},{"@type":"WebPage","@id":"https:\/\/widinovations.pt\/es\/fespa25\/","url":"https:\/\/widinovations.pt\/es\/fespa25\/","name":"FESPA'25 - widinovations","isPartOf":{"@id":"https:\/\/widinovations.pt\/#website"},"primaryImageOfPage":{"@id":"https:\/\/widinovations.pt\/es\/fespa25\/#primaryimage"},"image":{"@id":"https:\/\/widinovations.pt\/es\/fespa25\/#primaryimage"},"thumbnailUrl":"https:\/\/widinovations.pt\/wp-content\/uploads\/2025\/02\/Screenshot-2025-02-25-at-14.33.33.png","datePublished":"2025-02-25T15:24:11+00:00","dateModified":"2025-02-25T15:52:09+00:00","breadcrumb":{"@id":"https:\/\/widinovations.pt\/es\/fespa25\/#breadcrumb"},"inLanguage":"es","potentialAction":[{"@type":"ReadAction","target":["https:\/\/widinovations.pt\/es\/fespa25\/"]}]},{"@type":"ImageObject","inLanguage":"es","@id":"https:\/\/widinovations.pt\/es\/fespa25\/#primaryimage","url":"https:\/\/widinovations.pt\/wp-content\/uploads\/2025\/02\/Screenshot-2025-02-25-at-14.33.33.png","contentUrl":"https:\/\/widinovations.pt\/wp-content\/uploads\/2025\/02\/Screenshot-2025-02-25-at-14.33.33.png","width":1462,"height":1460},{"@type":"BreadcrumbList","@id":"https:\/\/widinovations.pt\/es\/fespa25\/#breadcrumb","itemListElement":[{"@type":"ListItem","position":1,"name":"Home","item":"https:\/\/widinovations.pt\/es\/"},{"@type":"ListItem","position":2,"name":"FESPA&#8217;25"}]},{"@type":"WebSite","@id":"https:\/\/widinovations.pt\/#website","url":"https:\/\/widinovations.pt\/","name":"widinovations","description":"Equipamentos de Corte\/Grava\u00e7\u00e3o a Laser, Fresadoras e Laminadoras\/Encapsuladoras","publisher":{"@id":"https:\/\/widinovations.pt\/#organization"},"potentialAction":[{"@type":"SearchAction","target":{"@type":"EntryPoint","urlTemplate":"https:\/\/widinovations.pt\/?s={search_term_string}"},"query-input":{"@type":"PropertyValueSpecification","valueRequired":true,"valueName":"search_term_string"}}],"inLanguage":"es"},{"@type":"Organization","@id":"https:\/\/widinovations.pt\/#organization","name":"Widinovations","url":"https:\/\/widinovations.pt\/","logo":{"@type":"ImageObject","inLanguage":"es","@id":"https:\/\/widinovations.pt\/#\/schema\/logo\/image\/","url":"https:\/\/widinovations.pt\/wp-content\/uploads\/2016\/10\/wid_logo.svg","contentUrl":"https:\/\/widinovations.pt\/wp-content\/uploads\/2016\/10\/wid_logo.svg","width":1,"height":1,"caption":"Widinovations"},"image":{"@id":"https:\/\/widinovations.pt\/#\/schema\/logo\/image\/"},"sameAs":["https:\/\/www.facebook.com\/widinovations","https:\/\/www.instagram.com\/widinovations","https:\/\/www.linkedin.com\/company\/widinovations","https:\/\/www.youtube.com\/widinovations"]},{"@type":"Person","@id":"https:\/\/widinovations.pt\/#\/schema\/person\/d9ff419e256e88cc7ef1266dc483e8af","name":"widinovations","image":{"@type":"ImageObject","inLanguage":"es","@id":"https:\/\/widinovations.pt\/#\/schema\/person\/image\/","url":"https:\/\/secure.gravatar.com\/avatar\/1d54e6f95e436d34e557cbfe8dbad07213643c468c214bd992ffa609458d199a?s=96&d=mm&r=g","contentUrl":"https:\/\/secure.gravatar.com\/avatar\/1d54e6f95e436d34e557cbfe8dbad07213643c468c214bd992ffa609458d199a?s=96&d=mm&r=g","caption":"widinovations"}}]}},"_links":{"self":[{"href":"https:\/\/widinovations.pt\/es\/wp-json\/wp\/v2\/posts\/13545","targetHints":{"allow":["GET"]}}],"collection":[{"href":"https:\/\/widinovations.pt\/es\/wp-json\/wp\/v2\/posts"}],"about":[{"href":"https:\/\/widinovations.pt\/es\/wp-json\/wp\/v2\/types\/post"}],"author":[{"embeddable":true,"href":"https:\/\/widinovations.pt\/es\/wp-json\/wp\/v2\/users\/1"}],"replies":[{"embeddable":true,"href":"https:\/\/widinovations.pt\/es\/wp-json\/wp\/v2\/comments?post=13545"}],"version-history":[{"count":4,"href":"https:\/\/widinovations.pt\/es\/wp-json\/wp\/v2\/posts\/13545\/revisions"}],"predecessor-version":[{"id":13560,"href":"https:\/\/widinovations.pt\/es\/wp-json\/wp\/v2\/posts\/13545\/revisions\/13560"}],"wp:featuredmedia":[{"embeddable":true,"href":"https:\/\/widinovations.pt\/es\/wp-json\/wp\/v2\/media\/13564"}],"wp:attachment":[{"href":"https:\/\/widinovations.pt\/es\/wp-json\/wp\/v2\/media?parent=13545"}],"wp:term":[{"taxonomy":"category","embeddable":true,"href":"https:\/\/widinovations.pt\/es\/wp-json\/wp\/v2\/categories?post=13545"},{"taxonomy":"post_tag","embeddable":true,"href":"https:\/\/widinovations.pt\/es\/wp-json\/wp\/v2\/tags?post=13545"}],"curies":[{"name":"wp","href":"https:\/\/api.w.org\/{rel}","templated":true}]}}